{"id":6811,"date":"2020-04-02T19:22:23","date_gmt":"2020-04-02T17:22:23","guid":{"rendered":"https:\/\/milima.pl\/blog\/?p=6811"},"modified":"2020-04-05T21:35:55","modified_gmt":"2020-04-05T19:35:55","slug":"patagonia-plan","status":"publish","type":"post","link":"https:\/\/milima.pl\/blog\/patagonia-plan\/","title":{"rendered":"Patagonia w 2 tygodnie (Argentyna i Chile) &#8211; z plecakiem i na czterech k\u00f3\u0142kach"},"content":{"rendered":"<h5>Nasza &#8222;Patagonia story&#8221; zacz\u0119\u0142a si\u0119 d\u0142ugo przed wej\u015bciem na pok\u0142ad samolotu relacji Berlin &#8211; co\u015b po \u015brodku &#8211; Buenos Aires (a p\u00f3\u017aniej Buenos &#8211; nasz_raj_wyczekiwany). Skalne ziarenko kie\u0142kowa\u0142o powoli w g\u0142owach, a\u017c pewnego dnia przestali\u015bmy si\u0119 katowa\u0107 marzeniami i zwyczajnie kupili\u015bmy bilety. Plany? Nimi si\u0119 specjalnie nie przejmowali\u015bmy. Przecie\u017c tam wsz\u0119dzie jest pi\u0119knie &#8211; prawda?<\/h5>\n<p>&nbsp;<\/p>\n<p><img loading=\"lazy\" decoding=\"async\" class=\"aligncenter wp-image-6814 size-full\" src=\"https:\/\/milima.pl\/wp-content\/uploads\/2020\/03\/DSC_0283-2.jpg\" alt=\"patagonia co zobaczy\u0107\" width=\"1170\" height=\"781\" srcset=\"https:\/\/milima.pl\/wp-content\/uploads\/2020\/03\/DSC_0283-2.jpg 1170w, https:\/\/milima.pl\/wp-content\/uploads\/2020\/03\/DSC_0283-2-300x200.jpg 300w, https:\/\/milima.pl\/wp-content\/uploads\/2020\/03\/DSC_0283-2-768x513.jpg 768w, https:\/\/milima.pl\/wp-content\/uploads\/2020\/03\/DSC_0283-2-1024x684.jpg 1024w, https:\/\/milima.pl\/wp-content\/uploads\/2020\/03\/DSC_0283-2-585x391.jpg 585w\" sizes=\"auto, (max-width: 1170px) 100vw, 1170px\" \/><\/p>\n<p>Internety \u0107wierka\u0142y, \u017ce je\u015bli Patagonia to koniecznie w grudniu, styczniu&#8230; maksimum w marcu. Pos\u0142uchali\u015bmy. Liczyli\u015bmy na pogodowy pewnik. Tym sposobem 10 stycznia przew\u0119drowali\u015bmy przez lotniskowy r\u0119kaw, prowadz\u0105cy do po\u0142udniowoameryka\u0144skiej przygody! Zajarani na maksa. Zapakowani jeszcze bardziej ;)..<\/p>\n<p>&nbsp;<\/p>\n<p><img loading=\"lazy\" decoding=\"async\" class=\"aligncenter wp-image-6816 size-full\" src=\"https:\/\/milima.pl\/wp-content\/uploads\/2020\/03\/IMG_0612.jpg\" alt=\"baga\u017ce patagonia\" width=\"675\" height=\"900\" srcset=\"https:\/\/milima.pl\/wp-content\/uploads\/2020\/03\/IMG_0612.jpg 675w, https:\/\/milima.pl\/wp-content\/uploads\/2020\/03\/IMG_0612-225x300.jpg 225w, https:\/\/milima.pl\/wp-content\/uploads\/2020\/03\/IMG_0612-585x780.jpg 585w\" sizes=\"auto, (max-width: 675px) 100vw, 675px\" \/><\/p>\n<p>&nbsp;<\/p>\n<p>Przed wyjazdem mieli\u015bmy ekstremalnie ma\u0142o czasu na planowanie. W pracy gor\u0105cy okres, w mi\u0119dzyczasie \u015awi\u0119ta, Sylwester&#8230; Umys\u0142y w\u0119drowa\u0142y po r\u00f3\u017cnych rewirach, a plan, co\u015b czemu\u015b &#8211; sam si\u0119 zrobi\u0107 nie chcia\u0142. Ogarn\u0119li\u015bmy wi\u0119c loty wewn\u0119trzne, sprawdzili\u015bmy promy,a w Excelu posk\u0142adali\u015bmy &#8222;patago\u0144skie klasyki&#8221; z czasem i naszymi pomys\u0142ami. Po tygodniu debat zrodzi\u0142 si\u0119 on &#8211; _plan_nieidealny_. Nie pozostawiaj\u0105cy marginesu dla z\u0142ego losu, za to wiele pola manewru tak zwanej&#8230; &#8222;przygodzie&#8221;. Jako, \u017ce w naszych podr\u00f3\u017cach faktora P nigdy nie brak &#8211; wysz\u0142o jak wysz\u0142o&#8230; A jak? Kto ciekaw, niech czyta dalej!<\/p>\n<p>&nbsp;<\/p>\n<h1 style=\"text-align: center;\">Patagonia + Ziemia Ognista &#8211; plan na dwa tygodnie<\/h1>\n<p>&nbsp;<\/p>\n<p>Prawdopodobnie wielu z Was cierpi na podobne bol\u0105czki &#8211; ograniczony urlop + nieokie\u0142znane ch\u0119ci zobaczenia wszystkiego z list &#8222;TOP 50&#8221; i jeszcze wi\u0119cej. To my. Niestety wtedy odwiedza nas najcz\u0119\u015bciej, ubrany na szaro, Pan Rzeczywisto\u015b\u0107 i puka w g\u0142owy le\u015bnym kijaszkiem. &#8222;Tego si\u0119 kurna, Prosz\u0119 Pa\u0144stwa, nie da zrobi\u0107!&#8221;. Misternie u\u0142o\u017cony plan &#8222;day by day&#8221; zmodyfikowa\u0142a na miejscu &#8222;odrobin\u0119&#8221; pogoda.\u00a0 Prawda jest taka &#8211; kto raz w te strony dotrze, szybko dowie si\u0119 czym jest &#8222;patago\u0144ska pogoda&#8221;. Finalnie wysz\u0142o jak wysz\u0142o ;). Nasze g\u0142owy a\u017c kipi\u0105 we wspomnieniach, prze\u0142adowane ilo\u015bci\u0105 pi\u0119knych obrazk\u00f3w i wra\u017ce\u0144.<\/p>\n<h4>A dzia\u0142o si\u0119&#8230;<\/h4>\n<p><strong>#<\/strong> Baza widok\u00f3w zosta\u0142a zaktualizowana! Zobaczyli\u015bmy kilka najpi\u0119kniejszych wschod\u00f3w i zachod\u00f3w s\u0142o\u0144ca na \u015bwiecie.<\/p>\n<p><strong>#<\/strong> Dali\u015bmy rad\u0119 i\u015b\u0107 od rana do wieczora, z rekordowo ci\u0119\u017ckimi (jak dla nas) plecakami i nie zemrze\u0107 ;).<\/p>\n<p><strong>#<\/strong> Zostali\u015bmy niejednokrotnie powaleni na kolana przez wiatr i przetargani po kamieniach tak, \u017ce ci\u0119\u017cko nam by\u0142o wsta\u0107 na nogi. Nie uj\u0119\u0142o nam to nijak z poziomu zachwytu Patagoni\u0105!<\/p>\n<p>Dzi\u0119ki tajemniczemu pami\u0119tnikowi, znalezionemu w jednym z naszych plecak\u00f3w &#8211; uda\u0142o si\u0119 z grubsza odtworzy\u0107 przebieg podr\u00f3\u017cy. Ci z Was, kt\u00f3rzy planuj\u0105 si\u0119 wybra\u0107 w te strony &#8211; maj\u0105 niepowtarzaln\u0105 okazj\u0119 wyci\u0105gn\u0105\u0107 kilka smaczk\u00f3w i nie pope\u0142ni\u0107 naszych b\u0142\u0119d\u00f3w (albo zast\u0105pi\u0107 nasze b\u0142\u0119dy swoimi&#8230; hmm&#8230;).<\/p>\n<div style=\"width: 100vw; margin-left: calc(-1 * 50vw + 50%); padding: 20px 0px;\"><img loading=\"lazy\" decoding=\"async\" class=\"aligncenter wp-image-5607 style=\" src=\"https:\/\/milima.pl\/wp-content\/uploads\/2019\/03\/laguna-torre-sunrise.jpg\" alt=\"laguna torre sunrise\" width=\"3000\" height=\"1996\" srcset=\"https:\/\/milima.pl\/wp-content\/uploads\/2019\/03\/laguna-torre-sunrise.jpg 3000w, https:\/\/milima.pl\/wp-content\/uploads\/2019\/03\/laguna-torre-sunrise-300x200.jpg 300w, https:\/\/milima.pl\/wp-content\/uploads\/2019\/03\/laguna-torre-sunrise-768x511.jpg 768w, https:\/\/milima.pl\/wp-content\/uploads\/2019\/03\/laguna-torre-sunrise-1024x681.jpg 1024w, https:\/\/milima.pl\/wp-content\/uploads\/2019\/03\/laguna-torre-sunrise-1170x778.jpg 1170w, https:\/\/milima.pl\/wp-content\/uploads\/2019\/03\/laguna-torre-sunrise-585x389.jpg 585w\" sizes=\"auto, (max-width: 3000px) 100vw, 3000px\" \/><\/div>\n<h6>\/\/&#8230;z pami\u0119tnika wyci\u0105gni\u0119tego spod wilgotnych r\u0119cznik\u00f3w i 3 par sztywnych skarpet z merynos\u00f3w:<\/h6>\n<p>&nbsp;<\/p>\n<h4 style=\"text-align: left;\">10 stycznia &#8211; Dzie\u0144 1\u00a0 &#8211; Berlin (Niemcy), Rzym (W\u0142ochy)<\/h4>\n<p>Ka\u017cda przygoda gdzie\u015b ma sw\u00f3j pocz\u0105tek. Nasza formalnie rozpocz\u0119\u0142a si\u0119 jeszcze zanim w\u0142o\u017cyli\u015bmy do plecaka pierwsz\u0105 par\u0119 majtek. Poczuli\u015bmy jednak, \u017ce to si\u0119 dzieje naprawd\u0119 dopiero na lotnisku w Berlinie! I tak, jeszcze przed Dobranock\u0105, z dosy\u0107 nietypowymi baga\u017cami podr\u0119cznymi\u00a0 &#8211; wsiedli\u015bmy na pok\u0142ad samolotu. Na szcz\u0119\u015bcie nie przegapili\u015bmy kolejnego lotu, przesiadaj\u0105c si\u0119 w Rzymie. Niewiele brakowa\u0142o ;).<\/p>\n<p>&nbsp;<\/p>\n<p><img loading=\"lazy\" decoding=\"async\" class=\"aligncenter wp-image-6818 size-full\" src=\"https:\/\/milima.pl\/wp-content\/uploads\/2020\/03\/IMG_0632.jpg\" alt=\"patagonia baga\u017ce\" width=\"675\" height=\"900\" srcset=\"https:\/\/milima.pl\/wp-content\/uploads\/2020\/03\/IMG_0632.jpg 675w, https:\/\/milima.pl\/wp-content\/uploads\/2020\/03\/IMG_0632-225x300.jpg 225w, https:\/\/milima.pl\/wp-content\/uploads\/2020\/03\/IMG_0632-585x780.jpg 585w\" sizes=\"auto, (max-width: 675px) 100vw, 675px\" \/><\/p>\n<h4><span style=\"color: #ffffff;\">.<\/span><\/h4>\n<h4>11 stycznia &#8211; Dzie\u0144 2 &#8211; Buenos Aires, Argentyna<\/h4>\n<p><span style=\"color: #ffffff;\">.<\/span><\/p>\n<p>O 7:50 \u015bpiewamy ch\u00f3rkiem: <strong>&#8222;Buenos dias Buenos Aires! Tralalala&#8230;. lala&#8230;&#8221; <\/strong>(niestety nagranie si\u0119 zachowa\u0142o). Z widocznym parali\u017cem mi\u0119\u015bni twarzy, na widok d\u0142ugo nie pojawiaj\u0105cych si\u0119\u00a0 baga\u017cy &#8211; meldujemy si\u0119 na, dot\u0105d nieznanym dla nas, kontynencie. Plecaki si\u0119 na szcz\u0119\u015bcie znalaz\u0142y i powitani przez argenty\u0144skie s\u0142o\u0144ce &#8211; rozpocz\u0119li\u015bmy poznawanie tych kawa\u0142k\u00f3w miasta, na kt\u00f3re mogli\u015bmy sobie czasowo pozwoli\u0107. Spraw\u0119 bardzo u\u0142atwi\u0142o nam mieszkanie, kt\u00f3re wynaj\u0119li\u015bmy w pobli\u017cu najbardziej kolorowej dzielnicy Buenos &#8211; La Boca. Porzucili\u015bmy w nim ci\u0119\u017ckie baga\u017ce,\u00a0 a przed kolejnym lotem, po ca\u0142ym dniu zwiedzania &#8211; mieli\u015bmy gdzie si\u0119 wygodnie &#8222;ogarn\u0105\u0107&#8221;. Ca\u0142y dzie\u0144 opisali\u015bmy dok\u0142adniej <a href=\"https:\/\/milima.pl\/blog\/la-boca-buenos\/\">TUTAJ<\/a> (w tek\u015bcie znajdziecie te\u017c namiary na wynaj\u0119ty apartament).<strong><br \/>\n<\/strong><\/p>\n<p>&nbsp;<\/p>\n<h4><img loading=\"lazy\" decoding=\"async\" class=\"aligncenter wp-image-5449 size-full\" src=\"https:\/\/milima.pl\/wp-content\/uploads\/2019\/02\/elcaminito.jpg\" alt=\"\" width=\"600\" height=\"800\" srcset=\"https:\/\/milima.pl\/wp-content\/uploads\/2019\/02\/elcaminito.jpg 600w, https:\/\/milima.pl\/wp-content\/uploads\/2019\/02\/elcaminito-225x300.jpg 225w, https:\/\/milima.pl\/wp-content\/uploads\/2019\/02\/elcaminito-585x780.jpg 585w\" sizes=\"auto, (max-width: 600px) 100vw, 600px\" \/> <img loading=\"lazy\" decoding=\"async\" class=\"aligncenter wp-image-5412 size-full\" src=\"https:\/\/milima.pl\/wp-content\/uploads\/2019\/02\/DSC_9834.jpg\" alt=\"la boca\" width=\"1024\" height=\"684\" srcset=\"https:\/\/milima.pl\/wp-content\/uploads\/2019\/02\/DSC_9834.jpg 1024w, https:\/\/milima.pl\/wp-content\/uploads\/2019\/02\/DSC_9834-300x200.jpg 300w, https:\/\/milima.pl\/wp-content\/uploads\/2019\/02\/DSC_9834-768x513.jpg 768w, https:\/\/milima.pl\/wp-content\/uploads\/2019\/02\/DSC_9834-585x391.jpg 585w\" sizes=\"auto, (max-width: 1024px) 100vw, 1024px\" \/> <img loading=\"lazy\" decoding=\"async\" class=\"alignnone wp-image-5392 size-full\" src=\"https:\/\/milima.pl\/wp-content\/uploads\/2019\/02\/laboca.jpg\" alt=\"laboca\" width=\"1170\" height=\"650\" srcset=\"https:\/\/milima.pl\/wp-content\/uploads\/2019\/02\/laboca.jpg 1170w, https:\/\/milima.pl\/wp-content\/uploads\/2019\/02\/laboca-300x167.jpg 300w, https:\/\/milima.pl\/wp-content\/uploads\/2019\/02\/laboca-768x427.jpg 768w, https:\/\/milima.pl\/wp-content\/uploads\/2019\/02\/laboca-1024x569.jpg 1024w, https:\/\/milima.pl\/wp-content\/uploads\/2019\/02\/laboca-585x325.jpg 585w\" sizes=\"auto, (max-width: 1170px) 100vw, 1170px\" \/><\/h4>\n<h4><strong>12 stycznia &#8211; Dzie\u0144 3 &#8211; El Chalten (Argentyna)<br \/>\n<\/strong><\/h4>\n<p>&nbsp;<\/p>\n<p>Nad ranem (a w\u0142a\u015bciwie jeszcze w nocy) dolatujemy do Rio Gallegos w Argentynie. Do otwarcia wypo\u017cyczalni samochod\u00f3w na lotnisku mamy jakie\u015b 4 godziny. Lotnisko puste, a my niespecjalnie tryskamy energi\u0105 &#8211; na kaflach w k\u0105cie rozbijamy wi\u0119c\u00a0 obozowisko ;). Roz\u0142o\u017cone karimaty, \u015bpiwory, a w nich my. Jednak za 24 godziny ruszamy w g\u00f3ry &#8211; ka\u017cda godzina jest wi\u0119c na wag\u0119 z\u0142ota.<\/p>\n<p>Oko\u0142o godziny 8.00 stajemy si\u0119 szcz\u0119\u015bliwymi posiadaczami niezbyt \u017cwawego, bia\u0142ego rumaka, \u017ceby wieczorem dotrze\u0107 do najpi\u0119kniejszej drogi \u015bwiata! Przed nami El Chalten i Fitz Roy, w koronie z ostatnich promieni s\u0142o\u0144ca. Gdyby kto\u015b podsun\u0105\u0142 nam do podpisania jaki\u015b \u015bwistek &#8211; pewnie sprzedaliby\u015bmy nie\u015bwiadomie dusze swoje i s\u0105siada ;). Takie miejsca rozwalaj\u0105 wszystkie zmys\u0142y na atomy!<\/p>\n<p>&nbsp;<\/p>\n<div style=\"width: 100vw; margin-left: calc(-1 * 50vw + 50%); padding: 20px 0px;\"><img loading=\"lazy\" decoding=\"async\" class=\"aligncenter wp-image-6821 style=\" src=\"https:\/\/milima.pl\/wp-content\/uploads\/2020\/03\/elchalten.jpg\" alt=\"El Chalten\" width=\"3000\" height=\"2003\" srcset=\"https:\/\/milima.pl\/wp-content\/uploads\/2020\/03\/elchalten.jpg 3000w, https:\/\/milima.pl\/wp-content\/uploads\/2020\/03\/elchalten-300x200.jpg 300w, https:\/\/milima.pl\/wp-content\/uploads\/2020\/03\/elchalten-768x513.jpg 768w, https:\/\/milima.pl\/wp-content\/uploads\/2020\/03\/elchalten-1024x684.jpg 1024w, https:\/\/milima.pl\/wp-content\/uploads\/2020\/03\/elchalten-1170x781.jpg 1170w, https:\/\/milima.pl\/wp-content\/uploads\/2020\/03\/elchalten-585x391.jpg 585w\" sizes=\"auto, (max-width: 3000px) 100vw, 3000px\" \/><img loading=\"lazy\" decoding=\"async\" class=\"aligncenter size-large wp-image-6822\" src=\"https:\/\/milima.pl\/wp-content\/uploads\/2020\/03\/droga-do-el-chalten-1024x684.jpg\" alt=\"droga do el chalten\" width=\"1024\" height=\"684\" srcset=\"https:\/\/milima.pl\/wp-content\/uploads\/2020\/03\/droga-do-el-chalten.jpg 1024w, https:\/\/milima.pl\/wp-content\/uploads\/2020\/03\/droga-do-el-chalten-300x200.jpg 300w, https:\/\/milima.pl\/wp-content\/uploads\/2020\/03\/droga-do-el-chalten-768x513.jpg 768w, https:\/\/milima.pl\/wp-content\/uploads\/2020\/03\/droga-do-el-chalten-585x391.jpg 585w\" sizes=\"auto, (max-width: 1024px) 100vw, 1024px\" \/><img loading=\"lazy\" decoding=\"async\" class=\"aligncenter size-large wp-image-6824\" src=\"https:\/\/milima.pl\/wp-content\/uploads\/2020\/03\/DSC_1040-1024x664.jpg\" alt=\"Fitz Roy\" width=\"1024\" height=\"664\" srcset=\"https:\/\/milima.pl\/wp-content\/uploads\/2020\/03\/DSC_1040.jpg 1024w, https:\/\/milima.pl\/wp-content\/uploads\/2020\/03\/DSC_1040-300x195.jpg 300w, https:\/\/milima.pl\/wp-content\/uploads\/2020\/03\/DSC_1040-768x498.jpg 768w, https:\/\/milima.pl\/wp-content\/uploads\/2020\/03\/DSC_1040-585x379.jpg 585w\" sizes=\"auto, (max-width: 1024px) 100vw, 1024px\" \/> <img loading=\"lazy\" decoding=\"async\" class=\"aligncenter size-large wp-image-6823\" src=\"https:\/\/milima.pl\/wp-content\/uploads\/2020\/03\/DSC_1025-1024x684.jpg\" alt=\"droga do el chalten\" width=\"1024\" height=\"684\" srcset=\"https:\/\/milima.pl\/wp-content\/uploads\/2020\/03\/DSC_1025.jpg 1024w, https:\/\/milima.pl\/wp-content\/uploads\/2020\/03\/DSC_1025-300x200.jpg 300w, https:\/\/milima.pl\/wp-content\/uploads\/2020\/03\/DSC_1025-768x513.jpg 768w, https:\/\/milima.pl\/wp-content\/uploads\/2020\/03\/DSC_1025-585x391.jpg 585w\" sizes=\"auto, (max-width: 1024px) 100vw, 1024px\" \/><\/div>\n<div><\/div>\n<div>Na nocleg docieramy do miasta. Znajdujemy klimatyczne, drewniane domki, w kt\u00f3rych mo\u017cemy si\u0119 komfortowo roz\u0142o\u017cy\u0107 z ca\u0142ym majdanem.\u00a0 Przepakowujemy plecaki tak, \u017ceby rzeczy niezb\u0119dne na trzydniow\u0105 w\u0119dr\u00f3wk\u0119 trafi\u0142y do naszych &#8211; trekkingowych. Pozosta\u0142e &#8211; w du\u017cych, l\u0105duj\u0105 w baga\u017cniku samochodowym.<\/div>\n<div><\/div>\n<div><strong>Nocleg<\/strong>: <a href=\"https:\/\/www.booking.com\/hotel\/ar\/complejo-quot-nahuel-pan-quot.pl.html\">Complejo &#8222;Nahuel Pan &#8222;<\/a> <span class=\" hp_address_subtitle js-hp_address_subtitle jq_tooltip \" tabindex=\"0\" title=\"\" data-source=\"top_link\" data-coords=\",\" data-component=\"tooltip\" data-tooltip-text=\" &lt;p&gt;&lt;strong&gt;Doskona\u0142a&lt;\/strong&gt; lokalizacja \u2013 oceniona na 9,6\/10! &lt;small&gt;(ocena na podstawie &lt;strong&gt;131&lt;\/strong&gt; opinii)&lt;\/small&gt;&lt;\/p&gt; &lt;p&gt;Ocena dodana przez Go\u015bci &lt;strong&gt;po powrocie&lt;\/strong&gt; z obiektu Complejo &quot;Nahuel Pan &quot;.&lt;\/p&gt; \" data-tooltip-animation=\"false\" data-bbox=\"-72.9195856616587,-49.3448599165731,-72.8643535383413,-49.3089290834269\" data-node_tt_id=\"location_score_tooltip\" data-width=\"350\" aria-describedby=\"tooltip-1\">Lionel Terray 110, 9301 El Chalt\u00e9n<\/span><\/div>\n<div><span style=\"color: #ffffff;\">.<\/span><\/div>\n<div><\/div>\n<h4>13 stycznia &#8211; Dzie\u0144 4\u00a0 &#8211; trekking wok\u00f3\u0142 Fitz Roya, El Chalten, Argentyna<\/h4>\n<p>&nbsp;<\/p>\n<p>No i sta\u0142o si\u0119. Z zaci\u015bni\u0119tymi z\u0119bami d\u017awigamy ci\u0119\u017cki plecaki, powoli przyzwyczajaj\u0105c nasze cia\u0142a do trybu pracy &#8222;id\u017a, pij, jedz, \u015bpij&#8221; &lt;repeat&#8221;. Ci\u0119\u017cko o brak zadyszki na pierwszych podej\u015bciach, ale p\u00f3\u017aniej zapominamy o b\u00f3lu i napawamy si\u0119 tym, co wskazuje nam drog\u0119 &#8211; poczt\u00f3wkowe szczyty, pod niebieskim niebem! Nic dziwnego, \u017ce jeden z naszych ulubionych wspinaczy, swoje pierwsze dziecko nazwa\u0142 imieniem Fitz. G\u00f3ra sta\u0142a si\u0119 jego obsesj\u0105, a\u017c dokona\u0142 (z partnerem) niewiarygodnego przej\u015bcia trawersu szczyt\u00f3w masywu Cerro Fitz Roy (w 2014 roku)! Film dokumentalny jest dost\u0119pny za darmo na RedBullTV &#8211; polecamy mocno zainteresowanym tematem.<\/p>\n<p>Nasze plany nie by\u0142y a\u017c tak ambitne ;). P\u00f3\u017anym popo\u0142udniem docieramy do Laguna Torre &#8211; jeziora, ze spektakularnym widokiem na iglic\u0119 Cerro Torre. W taki dzie\u0144 jak ten, prawdopodobnie jacy\u015b wspinacze walcz\u0105 na tamtejszych pionowych \u015bcianach. My &#8211; bezpieczni na dole, fotografujemy i obmy\u015blamy sk\u0105d do licha wzi\u0105\u0107 tu wod\u0119. Filtr zapycha si\u0119 po drugiej turze przelewania zapiaszczonej wody z lodowca.<\/p>\n<p>&nbsp;<\/p>\n<p><img loading=\"lazy\" decoding=\"async\" class=\"aligncenter size-large wp-image-6825\" src=\"https:\/\/milima.pl\/wp-content\/uploads\/2020\/03\/DSC_0232-1024x684.jpg\" alt=\"trekking wok\u00f3\u0142 Fitz Roy Patagonia Argentyna\" width=\"1024\" height=\"684\" srcset=\"https:\/\/milima.pl\/wp-content\/uploads\/2020\/03\/DSC_0232.jpg 1024w, https:\/\/milima.pl\/wp-content\/uploads\/2020\/03\/DSC_0232-300x200.jpg 300w, https:\/\/milima.pl\/wp-content\/uploads\/2020\/03\/DSC_0232-768x513.jpg 768w, https:\/\/milima.pl\/wp-content\/uploads\/2020\/03\/DSC_0232-585x391.jpg 585w\" sizes=\"auto, (max-width: 1024px) 100vw, 1024px\" \/> <img loading=\"lazy\" decoding=\"async\" class=\"aligncenter size-large wp-image-6826\" src=\"https:\/\/milima.pl\/wp-content\/uploads\/2020\/03\/DSC_0282-2-1024x684.jpg\" alt=\"trekking wok\u00f3\u0142 Fitz Roy Patagonia Argentyna\" width=\"1024\" height=\"684\" srcset=\"https:\/\/milima.pl\/wp-content\/uploads\/2020\/03\/DSC_0282-2.jpg 1024w, https:\/\/milima.pl\/wp-content\/uploads\/2020\/03\/DSC_0282-2-300x200.jpg 300w, https:\/\/milima.pl\/wp-content\/uploads\/2020\/03\/DSC_0282-2-768x513.jpg 768w, https:\/\/milima.pl\/wp-content\/uploads\/2020\/03\/DSC_0282-2-585x391.jpg 585w\" sizes=\"auto, (max-width: 1024px) 100vw, 1024px\" \/> <img loading=\"lazy\" decoding=\"async\" class=\"aligncenter size-large wp-image-6827\" src=\"https:\/\/milima.pl\/wp-content\/uploads\/2020\/03\/DSC_0283-3-1024x684.jpg\" alt=\"trekking wok\u00f3\u0142 Fitz Roy Patagonia Argentyna\" width=\"1024\" height=\"684\" srcset=\"https:\/\/milima.pl\/wp-content\/uploads\/2020\/03\/DSC_0283-3.jpg 1024w, https:\/\/milima.pl\/wp-content\/uploads\/2020\/03\/DSC_0283-3-300x200.jpg 300w, https:\/\/milima.pl\/wp-content\/uploads\/2020\/03\/DSC_0283-3-768x513.jpg 768w, https:\/\/milima.pl\/wp-content\/uploads\/2020\/03\/DSC_0283-3-585x391.jpg 585w\" sizes=\"auto, (max-width: 1024px) 100vw, 1024px\" \/> <img loading=\"lazy\" decoding=\"async\" class=\"aligncenter size-large wp-image-6828\" src=\"https:\/\/milima.pl\/wp-content\/uploads\/2020\/03\/DSC_0302-1024x684.jpg\" alt=\"trekking wok\u00f3\u0142 Fitz Roy Patagonia Argentyna\" width=\"1024\" height=\"684\" srcset=\"https:\/\/milima.pl\/wp-content\/uploads\/2020\/03\/DSC_0302.jpg 1024w, https:\/\/milima.pl\/wp-content\/uploads\/2020\/03\/DSC_0302-300x200.jpg 300w, https:\/\/milima.pl\/wp-content\/uploads\/2020\/03\/DSC_0302-768x513.jpg 768w, https:\/\/milima.pl\/wp-content\/uploads\/2020\/03\/DSC_0302-585x391.jpg 585w\" sizes=\"auto, (max-width: 1024px) 100vw, 1024px\" \/><\/p>\n<p>&nbsp;<\/p>\n<p style=\"outline-style: dotted; padding: 20px;\"><strong>Protip:<\/strong> Zabierzcie ze sob\u0105 na camping zapas wody. Mimo oznaczenia na mapie punktu czerpania wody w pobli\u017cu &#8211; nic takiego nie znale\u017ali\u015bmy. Ludzie pili wod\u0119 z lodowca bez filtrowania, ale by\u0142a naprawd\u0119 zapiaszczona. Najlepszym punktem do nabrania wi\u0119kszego zapasu jest \u017ar\u00f3de\u0142ko, jaki\u015b kilometr przed campingiem.<\/p>\n<p><span style=\"color: #ffffff;\">.<\/span><\/p>\n<p><img loading=\"lazy\" decoding=\"async\" class=\"aligncenter size-full wp-image-6946\" src=\"https:\/\/milima.pl\/wp-content\/uploads\/2020\/04\/DSC_0355.jpg\" alt=\"cerro torre camping\" width=\"1024\" height=\"684\" srcset=\"https:\/\/milima.pl\/wp-content\/uploads\/2020\/04\/DSC_0355.jpg 1024w, https:\/\/milima.pl\/wp-content\/uploads\/2020\/04\/DSC_0355-300x200.jpg 300w, https:\/\/milima.pl\/wp-content\/uploads\/2020\/04\/DSC_0355-768x513.jpg 768w, https:\/\/milima.pl\/wp-content\/uploads\/2020\/04\/DSC_0355-585x391.jpg 585w\" sizes=\"auto, (max-width: 1024px) 100vw, 1024px\" \/><\/p>\n<p>&nbsp;<\/p>\n<p>Taki zach\u00f3d s\u0142o\u0144ca trafi\u0142 nam si\u0119 przy Laguna Torre. Wi\u0119cej zdj\u0119\u0107 i dok\u0142adniejszy opis trasy &#8211; znajdziecie <a href=\"https:\/\/milima.pl\/blog\/laguna-torre\/\">TUTAJ<\/a>.<\/p>\n<p><strong>Nocleg: <\/strong><span data-sheets-value=\"{&quot;1&quot;:2,&quot;2&quot;:&quot;Camping Base De Agostini&quot;}\" data-sheets-userformat=\"{&quot;2&quot;:513,&quot;3&quot;:{&quot;1&quot;:0},&quot;12&quot;:0}\">Camping Base De Agostini &#8211; bezp\u0142atny. Brak dost\u0119pu do pr\u0105du i bie\u017c\u0105cej wody, toaleta w formie latryny z dziur\u0105 w ziemi. Wszystko trzeba mie\u0107 ze sob\u0105 (namiot, kuchenka itd.).<\/span><\/p>\n<p>&nbsp;<\/p>\n<p><img loading=\"lazy\" decoding=\"async\" class=\"aligncenter size-large wp-image-5571\" src=\"https:\/\/milima.pl\/wp-content\/uploads\/2019\/03\/DSC_2437-HDR-2-1024x681.jpg\" alt=\"laguna torre patagonia\" width=\"1024\" height=\"681\" srcset=\"https:\/\/milima.pl\/wp-content\/uploads\/2019\/03\/DSC_2437-HDR-2.jpg 1024w, https:\/\/milima.pl\/wp-content\/uploads\/2019\/03\/DSC_2437-HDR-2-300x200.jpg 300w, https:\/\/milima.pl\/wp-content\/uploads\/2019\/03\/DSC_2437-HDR-2-768x511.jpg 768w, https:\/\/milima.pl\/wp-content\/uploads\/2019\/03\/DSC_2437-HDR-2-585x389.jpg 585w\" sizes=\"auto, (max-width: 1024px) 100vw, 1024px\" \/><img loading=\"lazy\" decoding=\"async\" class=\"aligncenter size-large wp-image-5575\" src=\"https:\/\/milima.pl\/wp-content\/uploads\/2019\/03\/DSC_2500-Pano-1024x683.jpg\" alt=\"laguna torre patagonia\" width=\"1024\" height=\"683\" srcset=\"https:\/\/milima.pl\/wp-content\/uploads\/2019\/03\/DSC_2500-Pano-1024x683.jpg 1024w, https:\/\/milima.pl\/wp-content\/uploads\/2019\/03\/DSC_2500-Pano-300x200.jpg 300w, https:\/\/milima.pl\/wp-content\/uploads\/2019\/03\/DSC_2500-Pano-768x512.jpg 768w, https:\/\/milima.pl\/wp-content\/uploads\/2019\/03\/DSC_2500-Pano-1170x780.jpg 1170w, https:\/\/milima.pl\/wp-content\/uploads\/2019\/03\/DSC_2500-Pano-585x390.jpg 585w\" sizes=\"auto, (max-width: 1024px) 100vw, 1024px\" \/><\/p>\n<h4><span style=\"color: #ffffff;\">.<\/span><\/h4>\n<h4>14 stycznia &#8211; Dzie\u0144 5 &#8211; Trekking wok\u00f3\u0142 Fitz Roya, Argentyna<\/h4>\n<p>&nbsp;<\/p>\n<p>Na szcz\u0119\u015bcie z campingu nad Laguna Torre jest dos\u0142ownie 15 min pieszo. Pogoda na wsch\u00f3d s\u0142o\u0144ca taka, \u017ce przestajemy wierzy\u0107 we wszystko, co s\u0142yszeli\u015bmy o Patagonii przed wyjazdem ;).<\/p>\n<p>&nbsp;<\/p>\n<div style=\"width: 100vw; margin-left: calc(-1 * 50vw + 50%); padding: 20px 0px;\"><img loading=\"lazy\" decoding=\"async\" class=\"aligncenter size-full wp-image-6855\" style=\"max-width: 100%; width: 100%;\" src=\"https:\/\/milima.pl\/wp-content\/uploads\/2020\/03\/DSC_2643-HDR.jpg\" alt=\"\" width=\"3000\" height=\"1996\" srcset=\"https:\/\/milima.pl\/wp-content\/uploads\/2020\/03\/DSC_2643-HDR.jpg 3000w, https:\/\/milima.pl\/wp-content\/uploads\/2020\/03\/DSC_2643-HDR-300x200.jpg 300w, https:\/\/milima.pl\/wp-content\/uploads\/2020\/03\/DSC_2643-HDR-768x511.jpg 768w, https:\/\/milima.pl\/wp-content\/uploads\/2020\/03\/DSC_2643-HDR-1024x681.jpg 1024w, https:\/\/milima.pl\/wp-content\/uploads\/2020\/03\/DSC_2643-HDR-1170x778.jpg 1170w, https:\/\/milima.pl\/wp-content\/uploads\/2020\/03\/DSC_2643-HDR-585x389.jpg 585w\" sizes=\"auto, (max-width: 3000px) 100vw, 3000px\" \/><img loading=\"lazy\" decoding=\"async\" class=\"aligncenter size-full wp-image-6856\" src=\"https:\/\/milima.pl\/wp-content\/uploads\/2020\/03\/DSC_2556-HDR.jpg\" alt=\"laguna torre ciekawe miejsa patagonia\" width=\"3000\" height=\"1996\" srcset=\"https:\/\/milima.pl\/wp-content\/uploads\/2020\/03\/DSC_2556-HDR.jpg 3000w, https:\/\/milima.pl\/wp-content\/uploads\/2020\/03\/DSC_2556-HDR-300x200.jpg 300w, https:\/\/milima.pl\/wp-content\/uploads\/2020\/03\/DSC_2556-HDR-768x511.jpg 768w, https:\/\/milima.pl\/wp-content\/uploads\/2020\/03\/DSC_2556-HDR-1024x681.jpg 1024w, https:\/\/milima.pl\/wp-content\/uploads\/2020\/03\/DSC_2556-HDR-1170x778.jpg 1170w, https:\/\/milima.pl\/wp-content\/uploads\/2020\/03\/DSC_2556-HDR-585x389.jpg 585w\" sizes=\"auto, (max-width: 3000px) 100vw, 3000px\" \/><\/div>\n<div><\/div>\n<div>Wracamy na kr\u00f3tk\u0105 kim\u0119, \u015bniadanie (czyli to samo co na obiad i kolacj\u0119), bierzemy nasz trekkingowy dobytek i ruszamy\u00a0 dalej. <strong>Maps.me<\/strong> (nasza sprawdzona aplikacja do nawigacji w terenie) prowadzi nas w stron\u0119 kolejnej bazy\u00a0 &#8211; campingu Base Poincenot.<\/div>\n<p>&nbsp;<\/p>\n<p><img loading=\"lazy\" decoding=\"async\" class=\"aligncenter wp-image-6840 size-full\" src=\"https:\/\/milima.pl\/wp-content\/uploads\/2020\/03\/DSC_0463.jpg\" alt=\"trekking wok\u00f3\u0142 fitz roya\" width=\"634\" height=\"900\" srcset=\"https:\/\/milima.pl\/wp-content\/uploads\/2020\/03\/DSC_0463.jpg 634w, https:\/\/milima.pl\/wp-content\/uploads\/2020\/03\/DSC_0463-211x300.jpg 211w, https:\/\/milima.pl\/wp-content\/uploads\/2020\/03\/DSC_0463-585x830.jpg 585w\" sizes=\"auto, (max-width: 634px) 100vw, 634px\" \/><\/p>\n<p>&nbsp;<\/p>\n<p>Kilka godzin i dziesi\u0105t zdj\u0119\u0107 p\u00f3\u017aniej &#8211; nie ukrywamy rado\u015bci na widok wej\u015bcia na campa.\u00a0 Co nas jednak mocno zadziwia &#8211;\u00a0 ilo\u015b\u0107 ludzi i namiot\u00f3w, rozsianych po lesie! Nie ma tu \u017cadnych wyg\u00f3d. No mo\u017ce &#8211; ciut wi\u0119cej latryn. Tutaj jednak &#8211; z rana tworz\u0105 si\u0119 do nich niez\u0142e kolejki. Po wod\u0119 nale\u017cy zej\u015b\u0107 do strumienia, u podn\u00f3\u017cy le\u015bnego pola namiotowego. Lekko styrani &#8211; gotujemy obiad i zasypiamy na kilka godzin.<\/p>\n<p>&nbsp;<\/p>\n<p><img loading=\"lazy\" decoding=\"async\" class=\"aligncenter size-full wp-image-6947\" src=\"https:\/\/milima.pl\/wp-content\/uploads\/2020\/04\/DSC_0478.jpg\" alt=\"\" width=\"1024\" height=\"684\" srcset=\"https:\/\/milima.pl\/wp-content\/uploads\/2020\/04\/DSC_0478.jpg 1024w, https:\/\/milima.pl\/wp-content\/uploads\/2020\/04\/DSC_0478-300x200.jpg 300w, https:\/\/milima.pl\/wp-content\/uploads\/2020\/04\/DSC_0478-768x513.jpg 768w, https:\/\/milima.pl\/wp-content\/uploads\/2020\/04\/DSC_0478-585x391.jpg 585w\" sizes=\"auto, (max-width: 1024px) 100vw, 1024px\" \/><\/p>\n<p>&nbsp;<\/p>\n<p>Wieczornym celem staje si\u0119 znacznie wy\u017cej po\u0142o\u017cone miejsce &#8211; spektakularne jezioro Lago de los Tres. Niestety zebra\u0142y si\u0119 chmury i z zachodu nici. P\u00f3\u017aniej by\u0142o tylko gorzej :(.<\/p>\n<p>&nbsp;<\/p>\n<div style=\"width: 100vw; margin-left: calc(-1 * 50vw + 50%); padding: 20px 0px;\"><img loading=\"lazy\" decoding=\"async\" class=\"aligncenter wp-image-6838 style=\" src=\"https:\/\/milima.pl\/wp-content\/uploads\/2020\/03\/fitz-roy.jpg\" alt=\"trekking wok\u00f3\u0142 fitz roya\" width=\"3000\" height=\"2003\" srcset=\"https:\/\/milima.pl\/wp-content\/uploads\/2020\/03\/fitz-roy.jpg 3000w, https:\/\/milima.pl\/wp-content\/uploads\/2020\/03\/fitz-roy-300x200.jpg 300w, https:\/\/milima.pl\/wp-content\/uploads\/2020\/03\/fitz-roy-768x513.jpg 768w, https:\/\/milima.pl\/wp-content\/uploads\/2020\/03\/fitz-roy-1024x684.jpg 1024w, https:\/\/milima.pl\/wp-content\/uploads\/2020\/03\/fitz-roy-1170x781.jpg 1170w, https:\/\/milima.pl\/wp-content\/uploads\/2020\/03\/fitz-roy-585x391.jpg 585w\" sizes=\"auto, (max-width: 3000px) 100vw, 3000px\" \/><img loading=\"lazy\" decoding=\"async\" class=\"aligncenter wp-image-6837 style=\" src=\"https:\/\/milima.pl\/wp-content\/uploads\/2020\/03\/fitz-roy-trekking.jpg\" alt=\"trekking wok\u00f3\u0142 fitz roya\" width=\"3000\" height=\"1536\" srcset=\"https:\/\/milima.pl\/wp-content\/uploads\/2020\/03\/fitz-roy-trekking.jpg 3000w, https:\/\/milima.pl\/wp-content\/uploads\/2020\/03\/fitz-roy-trekking-300x154.jpg 300w, https:\/\/milima.pl\/wp-content\/uploads\/2020\/03\/fitz-roy-trekking-768x393.jpg 768w, https:\/\/milima.pl\/wp-content\/uploads\/2020\/03\/fitz-roy-trekking-1024x524.jpg 1024w, https:\/\/milima.pl\/wp-content\/uploads\/2020\/03\/fitz-roy-trekking-1170x599.jpg 1170w, https:\/\/milima.pl\/wp-content\/uploads\/2020\/03\/fitz-roy-trekking-585x300.jpg 585w\" sizes=\"auto, (max-width: 3000px) 100vw, 3000px\" \/><img loading=\"lazy\" decoding=\"async\" class=\"aligncenter size-full wp-image-6846\" src=\"https:\/\/milima.pl\/wp-content\/uploads\/2020\/03\/DSC_2771-HDR.jpg\" alt=\"lago de los tres patagonia\" width=\"3000\" height=\"1996\" srcset=\"https:\/\/milima.pl\/wp-content\/uploads\/2020\/03\/DSC_2771-HDR.jpg 3000w, https:\/\/milima.pl\/wp-content\/uploads\/2020\/03\/DSC_2771-HDR-300x200.jpg 300w, https:\/\/milima.pl\/wp-content\/uploads\/2020\/03\/DSC_2771-HDR-768x511.jpg 768w, https:\/\/milima.pl\/wp-content\/uploads\/2020\/03\/DSC_2771-HDR-1024x681.jpg 1024w, https:\/\/milima.pl\/wp-content\/uploads\/2020\/03\/DSC_2771-HDR-1170x778.jpg 1170w, https:\/\/milima.pl\/wp-content\/uploads\/2020\/03\/DSC_2771-HDR-585x389.jpg 585w\" sizes=\"auto, (max-width: 3000px) 100vw, 3000px\" \/><img loading=\"lazy\" decoding=\"async\" class=\"aligncenter wp-image-6844 size-full\" src=\"https:\/\/milima.pl\/wp-content\/uploads\/2020\/03\/DSC_0655.jpg\" alt=\"Laguna Succia\" width=\"1160\" height=\"774\" srcset=\"https:\/\/milima.pl\/wp-content\/uploads\/2020\/03\/DSC_0655.jpg 1160w, https:\/\/milima.pl\/wp-content\/uploads\/2020\/03\/DSC_0655-300x200.jpg 300w, https:\/\/milima.pl\/wp-content\/uploads\/2020\/03\/DSC_0655-768x512.jpg 768w, https:\/\/milima.pl\/wp-content\/uploads\/2020\/03\/DSC_0655-1024x683.jpg 1024w, https:\/\/milima.pl\/wp-content\/uploads\/2020\/03\/DSC_0655-585x390.jpg 585w\" sizes=\"auto, (max-width: 1160px) 100vw, 1160px\" \/><img loading=\"lazy\" decoding=\"async\" class=\"aligncenter size-full wp-image-6843\" src=\"https:\/\/milima.pl\/wp-content\/uploads\/2020\/03\/DSC_0627-2.jpg\" alt=\"lago de los tres\" width=\"654\" height=\"900\" srcset=\"https:\/\/milima.pl\/wp-content\/uploads\/2020\/03\/DSC_0627-2.jpg 654w, https:\/\/milima.pl\/wp-content\/uploads\/2020\/03\/DSC_0627-2-218x300.jpg 218w, https:\/\/milima.pl\/wp-content\/uploads\/2020\/03\/DSC_0627-2-585x805.jpg 585w\" sizes=\"auto, (max-width: 654px) 100vw, 654px\" \/><img loading=\"lazy\" decoding=\"async\" class=\"aligncenter size-full wp-image-6848\" src=\"https:\/\/milima.pl\/wp-content\/uploads\/2020\/03\/DSC_2841-HDR.jpg\" alt=\"laguna de los tres\" width=\"1160\" height=\"772\" srcset=\"https:\/\/milima.pl\/wp-content\/uploads\/2020\/03\/DSC_2841-HDR.jpg 1160w, https:\/\/milima.pl\/wp-content\/uploads\/2020\/03\/DSC_2841-HDR-300x200.jpg 300w, https:\/\/milima.pl\/wp-content\/uploads\/2020\/03\/DSC_2841-HDR-768x511.jpg 768w, https:\/\/milima.pl\/wp-content\/uploads\/2020\/03\/DSC_2841-HDR-1024x681.jpg 1024w, https:\/\/milima.pl\/wp-content\/uploads\/2020\/03\/DSC_2841-HDR-585x389.jpg 585w\" sizes=\"auto, (max-width: 1160px) 100vw, 1160px\" \/><\/div>\n<div>W nocy zacz\u0119\u0142a si\u0119 taka wichura, \u017ce cudem nasze namioty j\u0105 przetrwa\u0142y.<\/div>\n<div><\/div>\n<div><strong>Nocleg:<\/strong> Camping Base Poincenot<\/div>\n<div><span style=\"color: #ffffff;\">.<\/span><\/div>\n<h4>15 stycznia &#8211; Dzie\u0144 6 &#8211;\u00a0 El Chalten, Argentyna<\/h4>\n<p>&nbsp;<\/p>\n<p>Do El Chalten schodzimy w deszczu i w towarzystwie wiatru. Patrzymy na mijaj\u0105ce nas, przemoczone kurtki puchowe. Bez dobrej przeciwdeszcz\u00f3wki lepiej nie opuszcza\u0107 tutejszych dolinek.<\/p>\n<p>Na szcz\u0119\u015bcie udaje nam si\u0119 znale\u017a\u0107 ostatni wolny domek, w miejscu, w kt\u00f3rym uprzednio nocowali\u015bmy. Suszymy wi\u0119c namioty, robimy pranie i nape\u0142niamy wyg\u0142odnia\u0142e \u017co\u0142\u0105dki ciep\u0142\u0105 straw\u0105.<\/p>\n<p>Koniec dnia sp\u0119dzamy pod El Chalten, gdzie pogoda zn\u00f3w zacz\u0119\u0142a dopisywa\u0107.<\/p>\n<p>&nbsp;<\/p>\n<p><img loading=\"lazy\" decoding=\"async\" class=\"aligncenter size-full wp-image-6847\" src=\"https:\/\/milima.pl\/wp-content\/uploads\/2020\/03\/DSC_2936.jpg\" alt=\"el chalten\" width=\"1160\" height=\"772\" srcset=\"https:\/\/milima.pl\/wp-content\/uploads\/2020\/03\/DSC_2936.jpg 1160w, https:\/\/milima.pl\/wp-content\/uploads\/2020\/03\/DSC_2936-300x200.jpg 300w, https:\/\/milima.pl\/wp-content\/uploads\/2020\/03\/DSC_2936-768x511.jpg 768w, https:\/\/milima.pl\/wp-content\/uploads\/2020\/03\/DSC_2936-1024x681.jpg 1024w, https:\/\/milima.pl\/wp-content\/uploads\/2020\/03\/DSC_2936-585x389.jpg 585w\" sizes=\"auto, (max-width: 1160px) 100vw, 1160px\" \/><\/p>\n<div style=\"width: 100vw; margin-left: calc(-1 * 50vw + 50%); padding: 20px 0px;\"><img loading=\"lazy\" decoding=\"async\" class=\"aligncenter size-full wp-image-6849\" style=\"max-width: 100%; width: 100%;\" src=\"https:\/\/milima.pl\/wp-content\/uploads\/2020\/03\/DSC_2972.jpg\" alt=\"el chalten fitz roy\" width=\"3000\" height=\"1996\" srcset=\"https:\/\/milima.pl\/wp-content\/uploads\/2020\/03\/DSC_2972.jpg 3000w, https:\/\/milima.pl\/wp-content\/uploads\/2020\/03\/DSC_2972-300x200.jpg 300w, https:\/\/milima.pl\/wp-content\/uploads\/2020\/03\/DSC_2972-768x511.jpg 768w, https:\/\/milima.pl\/wp-content\/uploads\/2020\/03\/DSC_2972-1024x681.jpg 1024w, https:\/\/milima.pl\/wp-content\/uploads\/2020\/03\/DSC_2972-1170x778.jpg 1170w, https:\/\/milima.pl\/wp-content\/uploads\/2020\/03\/DSC_2972-585x389.jpg 585w\" sizes=\"auto, (max-width: 3000px) 100vw, 3000px\" \/> <img loading=\"lazy\" decoding=\"async\" class=\"aligncenter size-full wp-image-6850\" src=\"https:\/\/milima.pl\/wp-content\/uploads\/2020\/03\/DSC_2978.jpg\" alt=\"el chalten fitz roy\" width=\"3000\" height=\"1996\" srcset=\"https:\/\/milima.pl\/wp-content\/uploads\/2020\/03\/DSC_2978.jpg 3000w, https:\/\/milima.pl\/wp-content\/uploads\/2020\/03\/DSC_2978-300x200.jpg 300w, https:\/\/milima.pl\/wp-content\/uploads\/2020\/03\/DSC_2978-768x511.jpg 768w, https:\/\/milima.pl\/wp-content\/uploads\/2020\/03\/DSC_2978-1024x681.jpg 1024w, https:\/\/milima.pl\/wp-content\/uploads\/2020\/03\/DSC_2978-1170x778.jpg 1170w, https:\/\/milima.pl\/wp-content\/uploads\/2020\/03\/DSC_2978-585x389.jpg 585w\" sizes=\"auto, (max-width: 3000px) 100vw, 3000px\" \/><\/div>\n<div><\/div>\n<div><strong>Nocleg<\/strong>: <a href=\"https:\/\/www.booking.com\/hotel\/ar\/complejo-quot-nahuel-pan-quot.pl.html\">Complejo &#8222;Nahuel Pan &#8222;<\/a> <span class=\" hp_address_subtitle js-hp_address_subtitle jq_tooltip \" tabindex=\"0\" title=\"\" data-source=\"top_link\" data-coords=\",\" data-component=\"tooltip\" data-tooltip-text=\" &lt;p&gt;&lt;strong&gt;Doskona\u0142a&lt;\/strong&gt; lokalizacja \u2013 oceniona na 9,6\/10! &lt;small&gt;(ocena na podstawie &lt;strong&gt;131&lt;\/strong&gt; opinii)&lt;\/small&gt;&lt;\/p&gt; &lt;p&gt;Ocena dodana przez Go\u015bci &lt;strong&gt;po powrocie&lt;\/strong&gt; z obiektu Complejo &quot;Nahuel Pan &quot;.&lt;\/p&gt; \" data-tooltip-animation=\"false\" data-bbox=\"-72.9195856616587,-49.3448599165731,-72.8643535383413,-49.3089290834269\" data-node_tt_id=\"location_score_tooltip\" data-width=\"350\" aria-describedby=\"tooltip-1\">Lionel Terray 110, 9301 El Chalt\u00e9n<\/span><\/div>\n<p>&nbsp;<\/p>\n<h4>16 stycznia\u00a0\u00a0 &#8211; Dzie\u0144 7 &#8211;\u00a0 El Chalten, El Calafate<\/h4>\n<p>&nbsp;<\/p>\n<p>Budzikom \u015bmier\u0107! Nie mieli\u015bmy jak odespa\u0107 ostatnich dni, bo szybki rzut okiem na nocne niebo da\u0142 jasn\u0105 odpowied\u017a &#8211; &#8222;musicie zapyla\u0107 na wsch\u00f3d s\u0142o\u0144ca&#8221;. Po\u0142ykamy wi\u0119c na szybko kawa\u0142ek batona i kilka \u0142yk\u00f3w kawy, \u017ceby p\u00f3\u0142 godziny p\u00f3\u017aniej skaka\u0107 po okolicznych pag\u00f3rkach, z widokiem na Fitz Roya i stada przes\u0142odkich quanaco!<\/p>\n<p>&nbsp;<\/p>\n<p><img loading=\"lazy\" decoding=\"async\" class=\"aligncenter size-full wp-image-6955\" src=\"https:\/\/milima.pl\/wp-content\/uploads\/2020\/04\/DSC_3042-HDR.jpg\" alt=\"\" width=\"1024\" height=\"681\" srcset=\"https:\/\/milima.pl\/wp-content\/uploads\/2020\/04\/DSC_3042-HDR.jpg 1024w, https:\/\/milima.pl\/wp-content\/uploads\/2020\/04\/DSC_3042-HDR-300x200.jpg 300w, https:\/\/milima.pl\/wp-content\/uploads\/2020\/04\/DSC_3042-HDR-768x511.jpg 768w, https:\/\/milima.pl\/wp-content\/uploads\/2020\/04\/DSC_3042-HDR-585x389.jpg 585w\" sizes=\"auto, (max-width: 1024px) 100vw, 1024px\" \/><img loading=\"lazy\" decoding=\"async\" class=\"aligncenter size-full wp-image-6851\" src=\"https:\/\/milima.pl\/wp-content\/uploads\/2020\/03\/DSC_1795-2.jpg\" alt=\"fitz roy\" width=\"3000\" height=\"1996\" srcset=\"https:\/\/milima.pl\/wp-content\/uploads\/2020\/03\/DSC_1795-2.jpg 3000w, https:\/\/milima.pl\/wp-content\/uploads\/2020\/03\/DSC_1795-2-300x200.jpg 300w, https:\/\/milima.pl\/wp-content\/uploads\/2020\/03\/DSC_1795-2-768x511.jpg 768w, https:\/\/milima.pl\/wp-content\/uploads\/2020\/03\/DSC_1795-2-1024x681.jpg 1024w, https:\/\/milima.pl\/wp-content\/uploads\/2020\/03\/DSC_1795-2-1170x778.jpg 1170w, https:\/\/milima.pl\/wp-content\/uploads\/2020\/03\/DSC_1795-2-585x389.jpg 585w\" sizes=\"auto, (max-width: 3000px) 100vw, 3000px\" \/><\/p>\n<p>&nbsp;<\/p>\n<p>Po \u015bniadaniu pakujemy ca\u0142y majdan i ruszamy w dalek\u0105 drog\u0119\u00a0 &#8211; do El Calafate. Na miejsce docieramy dopiero p\u00f3\u017anym popo\u0142udniem. Liczymy na wieczorne spotkanie z lodowym olbrzymem (Perito Moreno) o zachodzie s\u0142o\u0144ca, ale niestety &#8211; przyroda zamyka si\u0119 tu na wiecz\u00f3r. Do parku mo\u017cna si\u0119 dosta\u0107 jedynie przez oficjaln\u0105 bram\u0119 wjazdow\u0105 (z biletami i rogatkami), z kas\u0105 czynn\u0105 w konkretnych godzinach. Kr\u0119cimy si\u0119 zatem po okolicy i \u0142apiemy lokalne widoczki, konie, a nawet&#8230;. skunksa ;).<\/p>\n<p>&nbsp;<\/p>\n<figure id=\"attachment_6884\" aria-describedby=\"caption-attachment-6884\" style=\"width: 1024px\" class=\"wp-caption aligncenter\"><img loading=\"lazy\" decoding=\"async\" class=\"wp-image-6884 size-full\" src=\"https:\/\/milima.pl\/wp-content\/uploads\/2020\/03\/DSC_1353.jpg\" alt=\"nowoczesna architektura el calafate\" width=\"1024\" height=\"684\" srcset=\"https:\/\/milima.pl\/wp-content\/uploads\/2020\/03\/DSC_1353.jpg 1024w, https:\/\/milima.pl\/wp-content\/uploads\/2020\/03\/DSC_1353-300x200.jpg 300w, https:\/\/milima.pl\/wp-content\/uploads\/2020\/03\/DSC_1353-768x513.jpg 768w, https:\/\/milima.pl\/wp-content\/uploads\/2020\/03\/DSC_1353-585x391.jpg 585w\" sizes=\"auto, (max-width: 1024px) 100vw, 1024px\" \/><figcaption id=\"caption-attachment-6884\" class=\"wp-caption-text\">Mo\u017ce kiedy\u015b&#8230; wybudujemy sobie dom na zboczu jakiej\u015b g\u00f3ry ;).<\/figcaption><\/figure>\n<p><img loading=\"lazy\" decoding=\"async\" class=\"aligncenter size-full wp-image-6883\" src=\"https:\/\/milima.pl\/wp-content\/uploads\/2020\/03\/DSC_1337.jpg\" alt=\"konie el calafate\" width=\"1024\" height=\"684\" srcset=\"https:\/\/milima.pl\/wp-content\/uploads\/2020\/03\/DSC_1337.jpg 1024w, https:\/\/milima.pl\/wp-content\/uploads\/2020\/03\/DSC_1337-300x200.jpg 300w, https:\/\/milima.pl\/wp-content\/uploads\/2020\/03\/DSC_1337-768x513.jpg 768w, https:\/\/milima.pl\/wp-content\/uploads\/2020\/03\/DSC_1337-585x391.jpg 585w\" sizes=\"auto, (max-width: 1024px) 100vw, 1024px\" \/> <img loading=\"lazy\" decoding=\"async\" class=\"aligncenter size-full wp-image-6885\" src=\"https:\/\/milima.pl\/wp-content\/uploads\/2020\/03\/DSC_1384.jpg\" alt=\"okolice perito moreno\" width=\"700\" height=\"900\" srcset=\"https:\/\/milima.pl\/wp-content\/uploads\/2020\/03\/DSC_1384.jpg 700w, https:\/\/milima.pl\/wp-content\/uploads\/2020\/03\/DSC_1384-233x300.jpg 233w, https:\/\/milima.pl\/wp-content\/uploads\/2020\/03\/DSC_1384-585x752.jpg 585w\" sizes=\"auto, (max-width: 700px) 100vw, 700px\" \/> <img loading=\"lazy\" decoding=\"async\" class=\"aligncenter size-full wp-image-6886\" src=\"https:\/\/milima.pl\/wp-content\/uploads\/2020\/03\/DSC_1415-2.jpg\" alt=\"skunks \" width=\"1024\" height=\"752\" srcset=\"https:\/\/milima.pl\/wp-content\/uploads\/2020\/03\/DSC_1415-2.jpg 1024w, https:\/\/milima.pl\/wp-content\/uploads\/2020\/03\/DSC_1415-2-300x220.jpg 300w, https:\/\/milima.pl\/wp-content\/uploads\/2020\/03\/DSC_1415-2-768x564.jpg 768w, https:\/\/milima.pl\/wp-content\/uploads\/2020\/03\/DSC_1415-2-585x430.jpg 585w\" sizes=\"auto, (max-width: 1024px) 100vw, 1024px\" \/> <img loading=\"lazy\" decoding=\"async\" class=\"aligncenter size-full wp-image-6887\" src=\"https:\/\/milima.pl\/wp-content\/uploads\/2020\/03\/DSC_1422.jpg\" alt=\"okolice perito moreno droga\" width=\"1024\" height=\"684\" srcset=\"https:\/\/milima.pl\/wp-content\/uploads\/2020\/03\/DSC_1422.jpg 1024w, https:\/\/milima.pl\/wp-content\/uploads\/2020\/03\/DSC_1422-300x200.jpg 300w, https:\/\/milima.pl\/wp-content\/uploads\/2020\/03\/DSC_1422-768x513.jpg 768w, https:\/\/milima.pl\/wp-content\/uploads\/2020\/03\/DSC_1422-585x391.jpg 585w\" sizes=\"auto, (max-width: 1024px) 100vw, 1024px\" \/><\/p>\n<p>&nbsp;<\/p>\n<p><strong>Nocleg: <\/strong>Hosteria Puerto San Julian\u00a0 (El Calafate)<\/p>\n<h4>17 stycznia &#8211; Dzie\u0144 8 &#8211; lodowiec Perito Moreno<\/h4>\n<p>&nbsp;<\/p>\n<p>Poranek bez po\u015bpiechu, bo lodowce nie tylko wcze\u015bnie chodz\u0105 spa\u0107, ale s\u0105 gotowe na przyj\u0119cie go\u015bci dopiero po \u015bniadaniu.\u00a0 Oko\u0142o godziny 10 docieramy na miejsce. Przed najwi\u0119kszymi t\u0142umami.<\/p>\n<p>&nbsp;<\/p>\n<p><img loading=\"lazy\" decoding=\"async\" class=\"aligncenter size-full wp-image-6890\" src=\"https:\/\/milima.pl\/wp-content\/uploads\/2020\/03\/DSC_1538.jpg\" alt=\"perito moreno\" width=\"1024\" height=\"684\" srcset=\"https:\/\/milima.pl\/wp-content\/uploads\/2020\/03\/DSC_1538.jpg 1024w, https:\/\/milima.pl\/wp-content\/uploads\/2020\/03\/DSC_1538-300x200.jpg 300w, https:\/\/milima.pl\/wp-content\/uploads\/2020\/03\/DSC_1538-768x513.jpg 768w, https:\/\/milima.pl\/wp-content\/uploads\/2020\/03\/DSC_1538-585x391.jpg 585w\" sizes=\"auto, (max-width: 1024px) 100vw, 1024px\" \/><img loading=\"lazy\" decoding=\"async\" class=\"aligncenter size-full wp-image-6894\" src=\"https:\/\/milima.pl\/wp-content\/uploads\/2020\/03\/DSC_1517.jpg\" alt=\"co zobaczy\u0107 w patagonii perito moreno\" width=\"1024\" height=\"684\" srcset=\"https:\/\/milima.pl\/wp-content\/uploads\/2020\/03\/DSC_1517.jpg 1024w, https:\/\/milima.pl\/wp-content\/uploads\/2020\/03\/DSC_1517-300x200.jpg 300w, https:\/\/milima.pl\/wp-content\/uploads\/2020\/03\/DSC_1517-768x513.jpg 768w, https:\/\/milima.pl\/wp-content\/uploads\/2020\/03\/DSC_1517-585x391.jpg 585w\" sizes=\"auto, (max-width: 1024px) 100vw, 1024px\" \/><\/p>\n<p>&nbsp;<\/p>\n<p>Do popo\u0142udnia kr\u0119cimy si\u0119 po \u015bcie\u017ckach w pobli\u017cu lodowca. Zatrzymujemy si\u0119 w strategicznych miejscach i wypatrujemy moment\u00f3w, w kt\u00f3rych wielkie \u015bciany odpadaj\u0105 od jego czo\u0142a, powoduj\u0105c ogromny huk i szybkie podniesienie poziomu wody. Gdyby\u015bmy mieli ciut wi\u0119cej czasu &#8211; wybraliby\u015bmy si\u0119 na d\u0142u\u017cszy marsz po jego powierzchni. Niestety nie tym razem. Wi\u0119cej o naszym spotkaniu z lodowym cudem przyrody przeczytacie <a href=\"https:\/\/milima.pl\/blog\/perito-moreno\/\">TUTAJ<\/a>.<\/p>\n<div style=\"width: 100vw; margin-left: calc(-1 * 50vw + 50%); padding: 20px 0px;\">\n<p><img loading=\"lazy\" decoding=\"async\" class=\"aligncenter size-full wp-image-6889\" style=\"max-width: 100%; width: 100%;\" src=\"https:\/\/milima.pl\/wp-content\/uploads\/2020\/03\/DSC_3270-Pano.jpg\" alt=\"perito moreno\" width=\"3000\" height=\"2000\" srcset=\"https:\/\/milima.pl\/wp-content\/uploads\/2020\/03\/DSC_3270-Pano.jpg 3000w, https:\/\/milima.pl\/wp-content\/uploads\/2020\/03\/DSC_3270-Pano-300x200.jpg 300w, https:\/\/milima.pl\/wp-content\/uploads\/2020\/03\/DSC_3270-Pano-768x512.jpg 768w, https:\/\/milima.pl\/wp-content\/uploads\/2020\/03\/DSC_3270-Pano-1024x683.jpg 1024w, https:\/\/milima.pl\/wp-content\/uploads\/2020\/03\/DSC_3270-Pano-1170x780.jpg 1170w, https:\/\/milima.pl\/wp-content\/uploads\/2020\/03\/DSC_3270-Pano-585x390.jpg 585w\" sizes=\"auto, (max-width: 3000px) 100vw, 3000px\" \/><img loading=\"lazy\" decoding=\"async\" class=\"aligncenter size-full wp-image-6891\" src=\"https:\/\/milima.pl\/wp-content\/uploads\/2020\/03\/DSC_1524.jpg\" alt=\"lodowiec perito moreno patagonia\" width=\"1024\" height=\"684\" srcset=\"https:\/\/milima.pl\/wp-content\/uploads\/2020\/03\/DSC_1524.jpg 1024w, https:\/\/milima.pl\/wp-content\/uploads\/2020\/03\/DSC_1524-300x200.jpg 300w, https:\/\/milima.pl\/wp-content\/uploads\/2020\/03\/DSC_1524-768x513.jpg 768w, https:\/\/milima.pl\/wp-content\/uploads\/2020\/03\/DSC_1524-585x391.jpg 585w\" sizes=\"auto, (max-width: 1024px) 100vw, 1024px\" \/><img loading=\"lazy\" decoding=\"async\" class=\"aligncenter size-full wp-image-6892\" src=\"https:\/\/milima.pl\/wp-content\/uploads\/2020\/03\/DSC_1620.jpg\" alt=\"lodowiec perito moreno patagonia\" width=\"1024\" height=\"684\" srcset=\"https:\/\/milima.pl\/wp-content\/uploads\/2020\/03\/DSC_1620.jpg 1024w, https:\/\/milima.pl\/wp-content\/uploads\/2020\/03\/DSC_1620-300x200.jpg 300w, https:\/\/milima.pl\/wp-content\/uploads\/2020\/03\/DSC_1620-768x513.jpg 768w, https:\/\/milima.pl\/wp-content\/uploads\/2020\/03\/DSC_1620-585x391.jpg 585w\" sizes=\"auto, (max-width: 1024px) 100vw, 1024px\" \/><img loading=\"lazy\" decoding=\"async\" class=\"aligncenter size-full wp-image-6893\" src=\"https:\/\/milima.pl\/wp-content\/uploads\/2020\/03\/DSC_1693.jpg\" alt=\"patagonia\" width=\"1024\" height=\"716\" srcset=\"https:\/\/milima.pl\/wp-content\/uploads\/2020\/03\/DSC_1693.jpg 1024w, https:\/\/milima.pl\/wp-content\/uploads\/2020\/03\/DSC_1693-300x210.jpg 300w, https:\/\/milima.pl\/wp-content\/uploads\/2020\/03\/DSC_1693-768x537.jpg 768w, https:\/\/milima.pl\/wp-content\/uploads\/2020\/03\/DSC_1693-585x409.jpg 585w\" sizes=\"auto, (max-width: 1024px) 100vw, 1024px\" \/><\/p>\n<\/div>\n<p>Wieczorem wyruszamy poszwenda\u0107 si\u0119 po mie\u015bcie &#8211; dawno tego nie robili\u015bmy ;). El Calafate, w por\u00f3wnaniu do poprzednich miast, w kt\u00f3rych spali\u015bmy &#8211; wydaje si\u0119 by\u0107 ca\u0142kiem zat\u0142oczone. Mn\u00f3stwo pub\u00f3w, restauracji i sklep\u00f3w ze sprz\u0119tem g\u00f3rskim &#8211; zaprasza witrynami nowych przybyszy. Nasz\u0105 uwag\u0119 przyku\u0142a natomiast taka bryka&#8230;<\/p>\n<p><img loading=\"lazy\" decoding=\"async\" class=\"aligncenter size-full wp-image-6967\" src=\"https:\/\/milima.pl\/wp-content\/uploads\/2020\/04\/DSC_3320.jpg\" alt=\"El Calafate\" width=\"1024\" height=\"711\" srcset=\"https:\/\/milima.pl\/wp-content\/uploads\/2020\/04\/DSC_3320.jpg 1024w, https:\/\/milima.pl\/wp-content\/uploads\/2020\/04\/DSC_3320-300x208.jpg 300w, https:\/\/milima.pl\/wp-content\/uploads\/2020\/04\/DSC_3320-768x533.jpg 768w, https:\/\/milima.pl\/wp-content\/uploads\/2020\/04\/DSC_3320-585x406.jpg 585w\" sizes=\"auto, (max-width: 1024px) 100vw, 1024px\" \/><\/p>\n<p>&nbsp;<\/p>\n<p><strong>Nocleg:<\/strong> Apart Haiken &#8211; El Calafate (brak dzia\u0142aj\u0105cego Internetu, ale du\u017co przestrzeni &#8211; spokojnie na kilka os\u00f3b \ud83d\ude09 )<\/p>\n<h4>18 stycznia\u00a0\u00a0 &#8211; Dzie\u0144 9 &#8211; Torres del Paine (Chile)<\/h4>\n<p>Z Argentyny udajemy si\u0119 do Chile. Kontrola na granicy przypomina nieco t\u0105 lotniskow\u0105. Mamy lekki stres czy nikt si\u0119 nie przyczepi do naszego prowiantu, bo sporo si\u0119 nas\u0142uchali\u015bmy o dociekliwych celnikach. W naszym przypadku &#8211; obesz\u0142o si\u0119 bez wi\u0119kszych problem\u00f3w (pomimo liofili i kabanos\u00f3w \ud83d\ude09 ). Po nieca\u0142ych 4 godzinach jazdy docieramy do Torres del Paine.<\/p>\n<p>Witaj\u0105 nas taaakie futrzaste cuda!<\/p>\n<p>&nbsp;<\/p>\n<p><img loading=\"lazy\" decoding=\"async\" class=\"aligncenter size-full wp-image-6895\" src=\"https:\/\/milima.pl\/wp-content\/uploads\/2020\/03\/DSC_3371.jpg\" alt=\"guanaco torres del paine\" width=\"1024\" height=\"681\" srcset=\"https:\/\/milima.pl\/wp-content\/uploads\/2020\/03\/DSC_3371.jpg 1024w, https:\/\/milima.pl\/wp-content\/uploads\/2020\/03\/DSC_3371-300x200.jpg 300w, https:\/\/milima.pl\/wp-content\/uploads\/2020\/03\/DSC_3371-768x511.jpg 768w, https:\/\/milima.pl\/wp-content\/uploads\/2020\/03\/DSC_3371-585x389.jpg 585w\" sizes=\"auto, (max-width: 1024px) 100vw, 1024px\" \/> <img loading=\"lazy\" decoding=\"async\" class=\"aligncenter size-full wp-image-6896\" src=\"https:\/\/milima.pl\/wp-content\/uploads\/2020\/03\/DSC_3433.jpg\" alt=\"guanaco torres del paine\" width=\"1024\" height=\"681\" srcset=\"https:\/\/milima.pl\/wp-content\/uploads\/2020\/03\/DSC_3433.jpg 1024w, https:\/\/milima.pl\/wp-content\/uploads\/2020\/03\/DSC_3433-300x200.jpg 300w, https:\/\/milima.pl\/wp-content\/uploads\/2020\/03\/DSC_3433-768x511.jpg 768w, https:\/\/milima.pl\/wp-content\/uploads\/2020\/03\/DSC_3433-585x389.jpg 585w\" sizes=\"auto, (max-width: 1024px) 100vw, 1024px\" \/><\/p>\n<p>&nbsp;<\/p>\n<p>Skalne olbrzymy wyrastaj\u0105 tu zewsz\u0105d, a my nie mo\u017cemy uwierzy\u0107 w to, co widzimy. Niestety pogoda nieco si\u0119 psuje. G\u0119ste chmury i rz\u0119sisty deszcz zamieniaj\u0105 si\u0119 miejscami ze zno\u015bn\u0105 szarug\u0105.<\/p>\n<p>&nbsp;<\/p>\n<p><img loading=\"lazy\" decoding=\"async\" class=\"aligncenter size-full wp-image-6912\" src=\"https:\/\/milima.pl\/wp-content\/uploads\/2020\/03\/DSC_3541-Pano.jpg\" alt=\"torres del paine\" width=\"1024\" height=\"683\" srcset=\"https:\/\/milima.pl\/wp-content\/uploads\/2020\/03\/DSC_3541-Pano.jpg 1024w, https:\/\/milima.pl\/wp-content\/uploads\/2020\/03\/DSC_3541-Pano-300x200.jpg 300w, https:\/\/milima.pl\/wp-content\/uploads\/2020\/03\/DSC_3541-Pano-768x512.jpg 768w, https:\/\/milima.pl\/wp-content\/uploads\/2020\/03\/DSC_3541-Pano-585x390.jpg 585w\" sizes=\"auto, (max-width: 1024px) 100vw, 1024px\" \/><\/p>\n<p>&nbsp;<\/p>\n<p>Jeste\u015bmy jednak w Torres del Paine! Hello!\u00a0 Nie wchodzi w gr\u0119 darowanie sobie &#8222;zachodu s\u0142o\u0144ca&#8221;. Owijamy si\u0119 po rz\u0119sy Goretexami i maszerujemy twardo na spektakularny punkt widokowy\u00a0 &#8211; Mirador Cuernos. Co ciekawe &#8211; ludzi brak.<\/p>\n<p>&nbsp;<\/p>\n<p><img loading=\"lazy\" decoding=\"async\" class=\"aligncenter size-full wp-image-6909\" src=\"https:\/\/milima.pl\/wp-content\/uploads\/2020\/03\/DSC_3623.jpg\" alt=\"TOrres del Paine\" width=\"1024\" height=\"681\" srcset=\"https:\/\/milima.pl\/wp-content\/uploads\/2020\/03\/DSC_3623.jpg 1024w, https:\/\/milima.pl\/wp-content\/uploads\/2020\/03\/DSC_3623-300x200.jpg 300w, https:\/\/milima.pl\/wp-content\/uploads\/2020\/03\/DSC_3623-768x511.jpg 768w, https:\/\/milima.pl\/wp-content\/uploads\/2020\/03\/DSC_3623-585x389.jpg 585w\" sizes=\"auto, (max-width: 1024px) 100vw, 1024px\" \/><\/p>\n<p>&nbsp;<\/p>\n<p>W takich warunkach mo\u017cna \u015bmia\u0142o przywdzia\u0107 wyj\u015bciowe, outdoorowe wdzianko ;).<\/p>\n<h4><span style=\"color: #ffffff;\">.<\/span><\/h4>\n<p><img loading=\"lazy\" decoding=\"async\" class=\"aligncenter size-full wp-image-6907\" src=\"https:\/\/milima.pl\/wp-content\/uploads\/2020\/03\/DSC_2025.jpg\" alt=\"re dress travel patagonia\" width=\"1024\" height=\"684\" srcset=\"https:\/\/milima.pl\/wp-content\/uploads\/2020\/03\/DSC_2025.jpg 1024w, https:\/\/milima.pl\/wp-content\/uploads\/2020\/03\/DSC_2025-300x200.jpg 300w, https:\/\/milima.pl\/wp-content\/uploads\/2020\/03\/DSC_2025-768x513.jpg 768w, https:\/\/milima.pl\/wp-content\/uploads\/2020\/03\/DSC_2025-585x391.jpg 585w\" sizes=\"auto, (max-width: 1024px) 100vw, 1024px\" \/> <img loading=\"lazy\" decoding=\"async\" class=\"aligncenter size-full wp-image-6908\" src=\"https:\/\/milima.pl\/wp-content\/uploads\/2020\/03\/DSC_2039.jpg\" alt=\"re dress travel patagonia\" width=\"601\" height=\"900\" srcset=\"https:\/\/milima.pl\/wp-content\/uploads\/2020\/03\/DSC_2039.jpg 601w, https:\/\/milima.pl\/wp-content\/uploads\/2020\/03\/DSC_2039-200x300.jpg 200w, https:\/\/milima.pl\/wp-content\/uploads\/2020\/03\/DSC_2039-585x876.jpg 585w\" sizes=\"auto, (max-width: 601px) 100vw, 601px\" \/><\/p>\n<p>&nbsp;<\/p>\n<p>Robi si\u0119 coraz ciemniej, chmury g\u0119stniej\u0105, a statyw\u00f3w nic nie jest w stanie na wietrze ustabilizowa\u0107. Robimy ostatnie zdj\u0119cia i\u00a0 zawijamy si\u0119.<\/p>\n<p>&nbsp;<\/p>\n<p><img loading=\"lazy\" decoding=\"async\" class=\"aligncenter size-full wp-image-6910\" src=\"https:\/\/milima.pl\/wp-content\/uploads\/2020\/03\/DSC_3649.jpg\" alt=\"\" width=\"1024\" height=\"681\" srcset=\"https:\/\/milima.pl\/wp-content\/uploads\/2020\/03\/DSC_3649.jpg 1024w, https:\/\/milima.pl\/wp-content\/uploads\/2020\/03\/DSC_3649-300x200.jpg 300w, https:\/\/milima.pl\/wp-content\/uploads\/2020\/03\/DSC_3649-768x511.jpg 768w, https:\/\/milima.pl\/wp-content\/uploads\/2020\/03\/DSC_3649-585x389.jpg 585w\" sizes=\"auto, (max-width: 1024px) 100vw, 1024px\" \/><\/p>\n<p>&nbsp;<\/p>\n<p>Oko\u0142o godziny 23 docieramy do Campingu Pehoe. Budynek recepcji obs\u0142uguj\u0105 ju\u017c tylko duchy g\u00f3r, a wszyscy w swoich namiotach dawno poszli w kim\u0119. Kiedy ca\u0142y dzie\u0144 jest si\u0119 na nogach &#8211; nie ma nocnego \u017cycia biwakowego ;). Wszystkie wiaty ob\u0142o\u017cone &#8211; znajdujemy jednak wystarczaj\u0105cy kawa\u0142ek trawnika na rozbicie dw\u00f3ch namiot\u00f3w, gotujemy na gazie danie dnia (ry\u017c z sosem i tu\u0144czykiem) i grawitacja doci\u0105\u017ca nasze powieki w milisekundzie. Gary umyjemy nad ranem.<\/p>\n<p><strong>Nocleg<\/strong>: <a href=\"http:\/\/campingpehoe.com\/rooms\/sitio-de-camping\/\">Camping Pehoe<\/a><\/p>\n<h4><span style=\"color: #ffffff;\">.<\/span><\/h4>\n<h4>19 stycznia -Dzie\u0144 10 &#8211; Torres del Paine<\/h4>\n<p><span style=\"color: #ffffff;\">.<\/span><\/p>\n<p>Wczesne rano. Na niebie wykrywamy szcz\u0105tkowe ilo\u015bci gwiazd. W po\u015bpiechu wi\u0119c myjemy gary i sk\u0142adamy namioty, \u017ceby zobaczy\u0107 przynajmniej zarys wschodu s\u0142o\u0144ca. Warunki by\u0142y mocno sporne, a wiatr z minuty na minut\u0119 sygnalizowa\u0142, \u017ce zaczyna si\u0119 niez\u0142a rozpierducha. Chcemy wi\u0119c dotrze\u0107 ponownie pod szczyty w czarnych &#8222;czapach&#8221;, p\u00f3ki b\u0119dziemy jeszcze w stanie usta\u0107 na nogach. Po drodze \u0142apiemy taki spocik:<\/p>\n<div style=\"width: 100vw; margin-left: calc(-1 * 50vw + 50%); padding: 20px 0px;\">\n<p><img loading=\"lazy\" decoding=\"async\" class=\"aligncenter size-full wp-image-6920\" style=\"max-width: 100%; width: 100%;\" src=\"https:\/\/milima.pl\/wp-content\/uploads\/2020\/04\/DSC_3690-Pano.jpg\" alt=\"torres del paine\" width=\"3000\" height=\"2000\" srcset=\"https:\/\/milima.pl\/wp-content\/uploads\/2020\/04\/DSC_3690-Pano.jpg 3000w, https:\/\/milima.pl\/wp-content\/uploads\/2020\/04\/DSC_3690-Pano-300x200.jpg 300w, https:\/\/milima.pl\/wp-content\/uploads\/2020\/04\/DSC_3690-Pano-768x512.jpg 768w, https:\/\/milima.pl\/wp-content\/uploads\/2020\/04\/DSC_3690-Pano-1024x683.jpg 1024w, https:\/\/milima.pl\/wp-content\/uploads\/2020\/04\/DSC_3690-Pano-1170x780.jpg 1170w, https:\/\/milima.pl\/wp-content\/uploads\/2020\/04\/DSC_3690-Pano-585x390.jpg 585w\" sizes=\"auto, (max-width: 3000px) 100vw, 3000px\" \/><\/p>\n<\/div>\n<p>Doj\u015bcie pod Mirador Cuernos okaza\u0142o si\u0119 walk\u0105 o \u017cycie. Si\u0142a wiatru ros\u0142a z ka\u017cd\u0105 chwil\u0105. Ch\u0142opaki poszli znacznie szybciej. Mi chwil\u0119 zesz\u0142o zebranie wszystkich sprz\u0119t\u00f3w, wi\u0119c wystartowa\u0142am z lekkim op\u00f3\u017anieniem. Czu\u0142am, jak niewielkie kamienie obijaj\u0105 mi twarz &#8211; pomocne okaza\u0142y si\u0119 okulary, kt\u00f3rych zewn\u0119trzna pow\u0142oka nieco straci\u0142a na swoim uroku. W pewnym momencie sz\u0142am dos\u0142ownie na kolanach, maj\u0105c nadziej\u0119, \u017ce wiatr nie wepchnie mnie do pobliskiego wodospadu. Na miejscu robimy niewiele zdj\u0119\u0107, bo jest to prawie niemo\u017cliwe. Wracamy jak \u017caglowce&#8230;<\/p>\n<p><img loading=\"lazy\" decoding=\"async\" class=\"aligncenter size-full wp-image-6934\" src=\"https:\/\/milima.pl\/wp-content\/uploads\/2020\/04\/DSC_2169.jpg\" alt=\"torres del paine\" width=\"601\" height=\"900\" srcset=\"https:\/\/milima.pl\/wp-content\/uploads\/2020\/04\/DSC_2169.jpg 601w, https:\/\/milima.pl\/wp-content\/uploads\/2020\/04\/DSC_2169-200x300.jpg 200w, https:\/\/milima.pl\/wp-content\/uploads\/2020\/04\/DSC_2169-585x876.jpg 585w\" sizes=\"auto, (max-width: 601px) 100vw, 601px\" \/> <img loading=\"lazy\" decoding=\"async\" class=\"aligncenter size-full wp-image-6935\" src=\"https:\/\/milima.pl\/wp-content\/uploads\/2020\/04\/DSC_3777.jpg\" alt=\"torres del paine\" width=\"1024\" height=\"736\" srcset=\"https:\/\/milima.pl\/wp-content\/uploads\/2020\/04\/DSC_3777.jpg 1024w, https:\/\/milima.pl\/wp-content\/uploads\/2020\/04\/DSC_3777-300x216.jpg 300w, https:\/\/milima.pl\/wp-content\/uploads\/2020\/04\/DSC_3777-768x552.jpg 768w, https:\/\/milima.pl\/wp-content\/uploads\/2020\/04\/DSC_3777-585x420.jpg 585w\" sizes=\"auto, (max-width: 1024px) 100vw, 1024px\" \/><\/p>\n<p>Prognozy pogody niestety s\u0105 jednoznaczne. W najbli\u017cszych godzinach i dw\u00f3ch dniach b\u0119dzie jeszcze gorzej, a wiatr ma osi\u0105gn\u0105\u0107, w wy\u017cszych partiach, pr\u0119dko\u015b\u0107 nawet do 150km\/h. Nie ma szans, \u017ceby\u015bmy w takim wietrze i ulewie doszli pod s\u0142ynne trzy wie\u017ce, nie maj\u0105c do tego zarezerwowanego miejsca na biwaku. Decydujemy si\u0119 opu\u015bci\u0107 Torres del Paine tego samego dnia, skracaj\u0105c sobie tym samym tras\u0119 do Ziemi Ognistej.<\/p>\n<p><img loading=\"lazy\" decoding=\"async\" class=\"aligncenter size-full wp-image-6948\" src=\"https:\/\/milima.pl\/wp-content\/uploads\/2020\/04\/DSC_2277.jpg\" alt=\"puerto natales\" width=\"1024\" height=\"684\" srcset=\"https:\/\/milima.pl\/wp-content\/uploads\/2020\/04\/DSC_2277.jpg 1024w, https:\/\/milima.pl\/wp-content\/uploads\/2020\/04\/DSC_2277-300x200.jpg 300w, https:\/\/milima.pl\/wp-content\/uploads\/2020\/04\/DSC_2277-768x513.jpg 768w, https:\/\/milima.pl\/wp-content\/uploads\/2020\/04\/DSC_2277-585x391.jpg 585w\" sizes=\"auto, (max-width: 1024px) 100vw, 1024px\" \/><\/p>\n<p>&nbsp;<\/p>\n<p><strong>Nocleg:\u00a0<\/strong> Puerto Natales (nieplanowany) <a href=\"https:\/\/www.booking.com\/hotel\/cl\/hostal-la-base.pl.html?aid=311097&amp;label=hostal-la-base-3bod35ouMVkwrnEZK3fDlgS406039378251%3Apl%3Ata%3Ap1%3Ap2%3Aac%3Aap%3Aneg%3Afi%3Atikwd-191991428433%3Alp20861%3Ali%3Adec%3Adm%3Appccp%3DUmFuZG9tSVYkc2RlIyh9Ye7BFAsTyVd6vTdUKapk994&amp;sid=8580fef1258cb5c26a5847d6617b4f5d&amp;dest_id=-897492&amp;dest_type=city&amp;group_adults=2&amp;group_children=0&amp;hapos=1&amp;hpos=1&amp;no_rooms=1&amp;sr_order=popularity&amp;srepoch=1585546121&amp;srpvid=db7f2684547a0051&amp;ucfs=1&amp;from=searchresults;highlight_room=#hotelTmpl\">La Base Hostal<\/a><\/p>\n<h4><span style=\"color: #ffffff;\">.<\/span><\/h4>\n<h4>20 stycznia &#8211; Dzie\u0144 11\u00a0 &#8211; Punta Arenas, Chile<\/h4>\n<p><span style=\"color: #ffffff;\">.<\/span><\/p>\n<p>Prom z Puerto Natales\u00a0 do Punta Arenas odp\u0142ywa o 11:38 z rana, a na jego pok\u0142adzie nasz czteroko\u0142owiec i my :).<\/p>\n<p><img loading=\"lazy\" decoding=\"async\" class=\"aligncenter size-full wp-image-6936\" src=\"https:\/\/milima.pl\/wp-content\/uploads\/2020\/04\/DSC_2438.jpg\" alt=\"\" width=\"1024\" height=\"684\" srcset=\"https:\/\/milima.pl\/wp-content\/uploads\/2020\/04\/DSC_2438.jpg 1024w, https:\/\/milima.pl\/wp-content\/uploads\/2020\/04\/DSC_2438-300x200.jpg 300w, https:\/\/milima.pl\/wp-content\/uploads\/2020\/04\/DSC_2438-768x513.jpg 768w, https:\/\/milima.pl\/wp-content\/uploads\/2020\/04\/DSC_2438-585x391.jpg 585w\" sizes=\"auto, (max-width: 1024px) 100vw, 1024px\" \/><\/p>\n<p>Po drodze robimy nied\u0142ugi trekking na niezbyt wysoka g\u00f3r\u0119 w Magallanes National Reserve, w jedynym miejscu z przyzwoit\u0105 pogod\u0105. Widok ze szczytu ma\u0142o sza\u0142owy, ale w\u0105saty las, kt\u00f3rym prowadzi\u0142 cz\u0119\u015bciowo szlak &#8211; robi wra\u017cenie (idealna sceneria do mrocznych horror\u00f3w^^).<\/p>\n<p><img loading=\"lazy\" decoding=\"async\" class=\"aligncenter size-full wp-image-6937\" src=\"https:\/\/milima.pl\/wp-content\/uploads\/2020\/04\/DSC_2332.jpg\" alt=\"sendero de chile\" width=\"1024\" height=\"684\" srcset=\"https:\/\/milima.pl\/wp-content\/uploads\/2020\/04\/DSC_2332.jpg 1024w, https:\/\/milima.pl\/wp-content\/uploads\/2020\/04\/DSC_2332-300x200.jpg 300w, https:\/\/milima.pl\/wp-content\/uploads\/2020\/04\/DSC_2332-768x513.jpg 768w, https:\/\/milima.pl\/wp-content\/uploads\/2020\/04\/DSC_2332-585x391.jpg 585w\" sizes=\"auto, (max-width: 1024px) 100vw, 1024px\" \/><\/p>\n<p>Zatrzymujemy si\u0119 w San Gregorio. Aura w powietrzu pos\u0119pna, podobnie jak ca\u0142e to miejsce.\u00a0 Trafiamy do opuszczonej owczarni, z wn\u0119trzami, kt\u00f3rych woleli\u015bmy Wam oszcz\u0119dzi\u0107. Poza nami, kr\u0105\u017c\u0105 tu jedynie duchy na porzuconych wrakach statk\u00f3w&#8230;<\/p>\n<p><img loading=\"lazy\" decoding=\"async\" class=\"aligncenter size-full wp-image-6938\" src=\"https:\/\/milima.pl\/wp-content\/uploads\/2020\/04\/DSC_2431.jpg\" alt=\"punta arenas\" width=\"1024\" height=\"684\" srcset=\"https:\/\/milima.pl\/wp-content\/uploads\/2020\/04\/DSC_2431.jpg 1024w, https:\/\/milima.pl\/wp-content\/uploads\/2020\/04\/DSC_2431-300x200.jpg 300w, https:\/\/milima.pl\/wp-content\/uploads\/2020\/04\/DSC_2431-768x513.jpg 768w, https:\/\/milima.pl\/wp-content\/uploads\/2020\/04\/DSC_2431-585x391.jpg 585w\" sizes=\"auto, (max-width: 1024px) 100vw, 1024px\" \/><img loading=\"lazy\" decoding=\"async\" class=\"aligncenter size-full wp-image-6939\" src=\"https:\/\/milima.pl\/wp-content\/uploads\/2020\/04\/DSC_2418.jpg\" alt=\"punta arenas\" width=\"1024\" height=\"684\" srcset=\"https:\/\/milima.pl\/wp-content\/uploads\/2020\/04\/DSC_2418.jpg 1024w, https:\/\/milima.pl\/wp-content\/uploads\/2020\/04\/DSC_2418-300x200.jpg 300w, https:\/\/milima.pl\/wp-content\/uploads\/2020\/04\/DSC_2418-768x513.jpg 768w, https:\/\/milima.pl\/wp-content\/uploads\/2020\/04\/DSC_2418-585x391.jpg 585w\" sizes=\"auto, (max-width: 1024px) 100vw, 1024px\" \/><img loading=\"lazy\" decoding=\"async\" class=\"aligncenter size-full wp-image-6940\" src=\"https:\/\/milima.pl\/wp-content\/uploads\/2020\/04\/DSC_2403.jpg\" alt=\"punta arenas\" width=\"601\" height=\"900\" srcset=\"https:\/\/milima.pl\/wp-content\/uploads\/2020\/04\/DSC_2403.jpg 601w, https:\/\/milima.pl\/wp-content\/uploads\/2020\/04\/DSC_2403-200x300.jpg 200w, https:\/\/milima.pl\/wp-content\/uploads\/2020\/04\/DSC_2403-585x876.jpg 585w\" sizes=\"auto, (max-width: 601px) 100vw, 601px\" \/><\/p>\n<p>W Punta Arenas zarz\u0105dzamy &#8222;restowe&#8221; popo\u0142udnie. Jemy chilijsk\u0105 pizz\u0119 (w restauracji spotykamy nawet dwie Polki)\u00a0 i w\u0142\u00f3czymy si\u0119 po mie\u015bcie. W ko\u0144cu nast\u0119pnego dnia zmierzamy nie byle gdzie &#8211; na sam Koniec \u015awiata!<\/p>\n<p><img loading=\"lazy\" decoding=\"async\" class=\"aligncenter size-full wp-image-6958\" src=\"https:\/\/milima.pl\/wp-content\/uploads\/2020\/04\/DSC_2376.jpg\" alt=\"punta arenas\" width=\"1024\" height=\"684\" srcset=\"https:\/\/milima.pl\/wp-content\/uploads\/2020\/04\/DSC_2376.jpg 1024w, https:\/\/milima.pl\/wp-content\/uploads\/2020\/04\/DSC_2376-300x200.jpg 300w, https:\/\/milima.pl\/wp-content\/uploads\/2020\/04\/DSC_2376-768x513.jpg 768w, https:\/\/milima.pl\/wp-content\/uploads\/2020\/04\/DSC_2376-585x391.jpg 585w\" sizes=\"auto, (max-width: 1024px) 100vw, 1024px\" \/><\/p>\n<p>Nasza baza noclegowa mo\u017ce na pierwszy rzut oka nie wygl\u0105da\u0142a \u017ale, ale pami\u0119ta\u0142a najpewniej przybyszy z ostatniego roku funkcjonowania tego miejsca ;). Co nam zosta\u0142o &#8211; wino w kartonie (bardzo dobre!) i gra w bierki (niejedna przyja\u017a\u0144 si\u0119 w ten spos\u00f3b rozpad\u0142a!).<\/p>\n<figure id=\"attachment_6950\" aria-describedby=\"caption-attachment-6950\" style=\"width: 1024px\" class=\"wp-caption aligncenter\"><img loading=\"lazy\" decoding=\"async\" class=\"size-full wp-image-6950\" src=\"https:\/\/milima.pl\/wp-content\/uploads\/2020\/04\/xhata.jpg\" alt=\"punta arenas\" width=\"1024\" height=\"768\" srcset=\"https:\/\/milima.pl\/wp-content\/uploads\/2020\/04\/xhata.jpg 1024w, https:\/\/milima.pl\/wp-content\/uploads\/2020\/04\/xhata-300x225.jpg 300w, https:\/\/milima.pl\/wp-content\/uploads\/2020\/04\/xhata-768x576.jpg 768w, https:\/\/milima.pl\/wp-content\/uploads\/2020\/04\/xhata-585x439.jpg 585w\" sizes=\"auto, (max-width: 1024px) 100vw, 1024px\" \/><figcaption id=\"caption-attachment-6950\" class=\"wp-caption-text\">Wn\u0119trze naszej &#8222;chatinki&#8221; w Punta Arenas.<\/figcaption><\/figure>\n<p><strong>Nocleg: <\/strong>Punta Arenas &#8211; Caba\u00f1a Rio Seco (po\u015bciel sprawia\u0142a wra\u017cenie nie pranej od dawna, wi\u0119c spali\u015bmy w \u015bpiworach)<\/p>\n<h4><strong>21 stycznia &#8211; Dzie\u0144 12 &#8211; Tierra del Fuego, Ushuaia &#8211; Argentyna<br \/>\n<\/strong><\/h4>\n<p>Dobrze, \u017ce nasze paszporty relatywnie nowe i pomie\u015bci\u0142y tyle wpis\u00f3w i piecz\u0105tek. Po raz kolejny pojawiamy si\u0119 w Argentynie.\u00a0 W jej najgor\u0119tszej, a zarazem najzimniejszej jej cz\u0119\u015bci &#8211; Ziemi Ognistej!<\/p>\n<p>Liczyli\u015bmy na gor\u0105ce powitanie, a tu klops. Zimna z niej&#8230; Ziemia \ud83d\ude09<\/p>\n<figure id=\"attachment_6959\" aria-describedby=\"caption-attachment-6959\" style=\"width: 601px\" class=\"wp-caption aligncenter\"><img loading=\"lazy\" decoding=\"async\" class=\"wp-image-6959 size-full\" src=\"https:\/\/milima.pl\/wp-content\/uploads\/2020\/04\/DSC_2507.jpg\" alt=\"\" width=\"601\" height=\"900\" srcset=\"https:\/\/milima.pl\/wp-content\/uploads\/2020\/04\/DSC_2507.jpg 601w, https:\/\/milima.pl\/wp-content\/uploads\/2020\/04\/DSC_2507-200x300.jpg 200w, https:\/\/milima.pl\/wp-content\/uploads\/2020\/04\/DSC_2507-585x876.jpg 585w\" sizes=\"auto, (max-width: 601px) 100vw, 601px\" \/><figcaption id=\"caption-attachment-6959\" class=\"wp-caption-text\">Ziemia Ognista&#8230; gdyby kto\u015b pyta\u0142 ;).<\/figcaption><\/figure>\n<p><img loading=\"lazy\" decoding=\"async\" class=\"aligncenter size-full wp-image-6960\" src=\"https:\/\/milima.pl\/wp-content\/uploads\/2020\/04\/DSC_2533.jpg\" alt=\"\" width=\"1024\" height=\"684\" srcset=\"https:\/\/milima.pl\/wp-content\/uploads\/2020\/04\/DSC_2533.jpg 1024w, https:\/\/milima.pl\/wp-content\/uploads\/2020\/04\/DSC_2533-300x200.jpg 300w, https:\/\/milima.pl\/wp-content\/uploads\/2020\/04\/DSC_2533-768x513.jpg 768w, https:\/\/milima.pl\/wp-content\/uploads\/2020\/04\/DSC_2533-585x391.jpg 585w\" sizes=\"auto, (max-width: 1024px) 100vw, 1024px\" \/><\/p>\n<p>Fundujemy sobie za to (na koniec) &#8211; niez\u0142e luksusy! Czteropokojowa chata na wzg\u00f3rzu, w przyzwoitej lokalizacji. Gdyby jeszcze woda by\u0142a cieplejsza &#8211; oszaleliby\u015bmy z rado\u015bci ;).\u00a0 Idealne rozwi\u0105zanie, je\u015bli wybieracie si\u0119 w kilka os\u00f3b (cena za dob\u0119 &#8211; ok. 280 PLN!)<\/p>\n<p><img loading=\"lazy\" decoding=\"async\" class=\"aligncenter size-full wp-image-6951\" src=\"https:\/\/milima.pl\/wp-content\/uploads\/2020\/04\/DSC_2541.jpg\" alt=\"\" width=\"1024\" height=\"684\" srcset=\"https:\/\/milima.pl\/wp-content\/uploads\/2020\/04\/DSC_2541.jpg 1024w, https:\/\/milima.pl\/wp-content\/uploads\/2020\/04\/DSC_2541-300x200.jpg 300w, https:\/\/milima.pl\/wp-content\/uploads\/2020\/04\/DSC_2541-768x513.jpg 768w, https:\/\/milima.pl\/wp-content\/uploads\/2020\/04\/DSC_2541-585x391.jpg 585w\" sizes=\"auto, (max-width: 1024px) 100vw, 1024px\" \/><img loading=\"lazy\" decoding=\"async\" class=\"aligncenter size-full wp-image-6952\" src=\"https:\/\/milima.pl\/wp-content\/uploads\/2020\/04\/chadta.jpg\" alt=\"ushuaia dom do wynaj\u0119cia\" width=\"1024\" height=\"768\" srcset=\"https:\/\/milima.pl\/wp-content\/uploads\/2020\/04\/chadta.jpg 1024w, https:\/\/milima.pl\/wp-content\/uploads\/2020\/04\/chadta-300x225.jpg 300w, https:\/\/milima.pl\/wp-content\/uploads\/2020\/04\/chadta-768x576.jpg 768w, https:\/\/milima.pl\/wp-content\/uploads\/2020\/04\/chadta-585x439.jpg 585w\" sizes=\"auto, (max-width: 1024px) 100vw, 1024px\" \/> <img loading=\"lazy\" decoding=\"async\" class=\"aligncenter size-full wp-image-6953\" src=\"https:\/\/milima.pl\/wp-content\/uploads\/2020\/04\/chata.jpg\" alt=\"ushuaia dom do wynaj\u0119cia\" width=\"1024\" height=\"768\" srcset=\"https:\/\/milima.pl\/wp-content\/uploads\/2020\/04\/chata.jpg 1024w, https:\/\/milima.pl\/wp-content\/uploads\/2020\/04\/chata-300x225.jpg 300w, https:\/\/milima.pl\/wp-content\/uploads\/2020\/04\/chata-768x576.jpg 768w, https:\/\/milima.pl\/wp-content\/uploads\/2020\/04\/chata-585x439.jpg 585w\" sizes=\"auto, (max-width: 1024px) 100vw, 1024px\" \/><\/p>\n<p><strong>Nocleg:<\/strong> Ushuaia\u00a0 &#8211; Amaneceres Fueguinos (czteropokojowy domek, z dwiema \u0142azienkami)<\/p>\n<p><span style=\"color: #ffffff;\">.<\/span><\/p>\n<h4>22 stycznia &#8211; Dzie\u0144 12 &#8211; Isla Marttillo<\/h4>\n<p><span style=\"color: #ffffff;\">.<\/span><\/p>\n<p>W naszym wynaj\u0119tym domku brakowa\u0142o ciep\u0142ej wody, co nieco odj\u0119\u0142o nam komfortu przy porannym, wyczekiwanym prysznicu. Zw\u0142aszcza, \u017ce przed nami wyprawa na spotkanie, o kt\u00f3rym niejeden marzy &#8211; z panami w eleganckich frakach. Na takie wypada si\u0119 wyszykowa\u0107! Wi\u0119cej o wycieczce na pingwiny znajdziecie <a href=\"https:\/\/milima.pl\/blog\/pingwiny-patagonia\/\">w tym wpisie<\/a>, ale je\u015bli chcecie uwzgl\u0119dni\u0107 j\u0105 w swoich planach &#8211; musicie pami\u0119ta\u0107 o jednym. Zarezerwujcie j\u0105 max kilka dni przed planowan\u0105 wizyt\u0105\u00a0 (np. online) w Ushuai, bo w przeciwnym razie spotkanie si\u0119 nie z pingwinem, a z g\u0105sk\u0105 ;).<\/p>\n<div style=\"width: 100vw; margin-left: calc(-1 * 50vw + 50%); padding: 20px 0px;\"><img loading=\"lazy\" decoding=\"async\" class=\"aligncenter size-full wp-image-6941\" style=\"max-width: 100%; width: 100%;\" src=\"https:\/\/milima.pl\/wp-content\/uploads\/2020\/04\/DSC_4026.jpg\" alt=\"pingwiny antarktyda\" width=\"3000\" height=\"1996\" srcset=\"https:\/\/milima.pl\/wp-content\/uploads\/2020\/04\/DSC_4026.jpg 3000w, https:\/\/milima.pl\/wp-content\/uploads\/2020\/04\/DSC_4026-300x200.jpg 300w, https:\/\/milima.pl\/wp-content\/uploads\/2020\/04\/DSC_4026-768x511.jpg 768w, https:\/\/milima.pl\/wp-content\/uploads\/2020\/04\/DSC_4026-1024x681.jpg 1024w, https:\/\/milima.pl\/wp-content\/uploads\/2020\/04\/DSC_4026-1170x778.jpg 1170w, https:\/\/milima.pl\/wp-content\/uploads\/2020\/04\/DSC_4026-585x389.jpg 585w\" sizes=\"auto, (max-width: 3000px) 100vw, 3000px\" \/><\/div>\n<p><img loading=\"lazy\" decoding=\"async\" class=\"aligncenter size-full wp-image-6943\" src=\"https:\/\/milima.pl\/wp-content\/uploads\/2020\/04\/DSC_2996.jpg\" alt=\"\" width=\"1024\" height=\"684\" srcset=\"https:\/\/milima.pl\/wp-content\/uploads\/2020\/04\/DSC_2996.jpg 1024w, https:\/\/milima.pl\/wp-content\/uploads\/2020\/04\/DSC_2996-300x200.jpg 300w, https:\/\/milima.pl\/wp-content\/uploads\/2020\/04\/DSC_2996-768x513.jpg 768w, https:\/\/milima.pl\/wp-content\/uploads\/2020\/04\/DSC_2996-585x391.jpg 585w\" sizes=\"auto, (max-width: 1024px) 100vw, 1024px\" \/><img loading=\"lazy\" decoding=\"async\" class=\"aligncenter size-full wp-image-6942\" src=\"https:\/\/milima.pl\/wp-content\/uploads\/2020\/04\/DSC_2819.jpg\" alt=\"pingwiny antarktyda\" width=\"601\" height=\"900\" srcset=\"https:\/\/milima.pl\/wp-content\/uploads\/2020\/04\/DSC_2819.jpg 601w, https:\/\/milima.pl\/wp-content\/uploads\/2020\/04\/DSC_2819-200x300.jpg 200w, https:\/\/milima.pl\/wp-content\/uploads\/2020\/04\/DSC_2819-585x876.jpg 585w\" sizes=\"auto, (max-width: 601px) 100vw, 601px\" \/><\/p>\n<p>Odwiedzamy jeszcze poczt\u0119 na Ko\u0144cu \u015awiata, \u017ceby nada\u0107 list do \u015awi\u0119tego Miko\u0142aja i kupi\u0107 troch\u0119 znaczk\u00f3w (taak &#8211; jeste\u015bmy starzy i zbieramy znaczki!). Miejsce wygl\u0105da tak:<\/p>\n<p><img loading=\"lazy\" decoding=\"async\" class=\"aligncenter size-full wp-image-6932\" src=\"https:\/\/milima.pl\/wp-content\/uploads\/2020\/04\/DSC_3167.jpg\" alt=\"poczta na ko\u0144cu \u015bwiata\" width=\"1024\" height=\"684\" srcset=\"https:\/\/milima.pl\/wp-content\/uploads\/2020\/04\/DSC_3167.jpg 1024w, https:\/\/milima.pl\/wp-content\/uploads\/2020\/04\/DSC_3167-300x200.jpg 300w, https:\/\/milima.pl\/wp-content\/uploads\/2020\/04\/DSC_3167-768x513.jpg 768w, https:\/\/milima.pl\/wp-content\/uploads\/2020\/04\/DSC_3167-585x391.jpg 585w\" sizes=\"auto, (max-width: 1024px) 100vw, 1024px\" \/> <img loading=\"lazy\" decoding=\"async\" class=\"aligncenter size-full wp-image-6933\" src=\"https:\/\/milima.pl\/wp-content\/uploads\/2020\/04\/DSC_3177.jpg\" alt=\"poczta na ko\u0144cu \u015bwiata\" width=\"1024\" height=\"684\" srcset=\"https:\/\/milima.pl\/wp-content\/uploads\/2020\/04\/DSC_3177.jpg 1024w, https:\/\/milima.pl\/wp-content\/uploads\/2020\/04\/DSC_3177-300x200.jpg 300w, https:\/\/milima.pl\/wp-content\/uploads\/2020\/04\/DSC_3177-768x513.jpg 768w, https:\/\/milima.pl\/wp-content\/uploads\/2020\/04\/DSC_3177-585x391.jpg 585w\" sizes=\"auto, (max-width: 1024px) 100vw, 1024px\" \/><\/p>\n<p>Nocleg: Ushuaia Amaneceres Fueguinos<\/p>\n<h4>23 stycznia &#8211; Dzie\u0144 13 &#8211; Ziemia Ognista, Argentyna<\/h4>\n<p>Nasz ostatni dzie\u0144 na Ko\u0144cu \u015awiata. Szcz\u0119\u015bcie po raz kolejny nam nie dopisuje i\u00a0 zamiast ognistego wschodu s\u0142o\u0144ca mamy rz\u0119sisty poranek.<\/p>\n<p><img loading=\"lazy\" decoding=\"async\" class=\"aligncenter size-full wp-image-6944\" src=\"https:\/\/milima.pl\/wp-content\/uploads\/2020\/04\/DSC_2525.jpg\" alt=\"ziemia ognista\" width=\"1024\" height=\"684\" srcset=\"https:\/\/milima.pl\/wp-content\/uploads\/2020\/04\/DSC_2525.jpg 1024w, https:\/\/milima.pl\/wp-content\/uploads\/2020\/04\/DSC_2525-300x200.jpg 300w, https:\/\/milima.pl\/wp-content\/uploads\/2020\/04\/DSC_2525-768x513.jpg 768w, https:\/\/milima.pl\/wp-content\/uploads\/2020\/04\/DSC_2525-585x391.jpg 585w\" sizes=\"auto, (max-width: 1024px) 100vw, 1024px\" \/><\/p>\n<p>Dajemy szans\u0119 niebu si\u0119 wyp\u0142aka\u0107, pakujemy plecaki i w\u0119drujemy do jeziora, po\u0142o\u017conego u podn\u00f3\u017cy g\u00f3rskich szczyt\u00f3w &#8211; Laguny Esmeraldy. Oceny z Trip Advisora pojawia\u0142y si\u0119 zapewne w innych warunkach pogodowych. My reszt\u0119 dopowiadamy sobie wyobra\u017ani\u0105.<\/p>\n<div style=\"width: 100vw; margin-left: calc(-1 * 50vw + 50%); padding: 20px 0px;\"><img loading=\"lazy\" decoding=\"async\" class=\"aligncenter size-full wp-image-6921\" src=\"https:\/\/milima.pl\/wp-content\/uploads\/2020\/04\/DSC_4059-HDR.jpg\" alt=\"laguna esmeralda\" width=\"3000\" height=\"1996\" srcset=\"https:\/\/milima.pl\/wp-content\/uploads\/2020\/04\/DSC_4059-HDR.jpg 3000w, https:\/\/milima.pl\/wp-content\/uploads\/2020\/04\/DSC_4059-HDR-300x200.jpg 300w, https:\/\/milima.pl\/wp-content\/uploads\/2020\/04\/DSC_4059-HDR-768x511.jpg 768w, https:\/\/milima.pl\/wp-content\/uploads\/2020\/04\/DSC_4059-HDR-1024x681.jpg 1024w, https:\/\/milima.pl\/wp-content\/uploads\/2020\/04\/DSC_4059-HDR-1170x778.jpg 1170w, https:\/\/milima.pl\/wp-content\/uploads\/2020\/04\/DSC_4059-HDR-585x389.jpg 585w\" sizes=\"auto, (max-width: 3000px) 100vw, 3000px\" \/><img loading=\"lazy\" decoding=\"async\" class=\"aligncenter size-full wp-image-6922\" src=\"https:\/\/milima.pl\/wp-content\/uploads\/2020\/04\/DSC_4070-Pano.jpg\" alt=\"laguna esmeralda\" width=\"3000\" height=\"2000\" srcset=\"https:\/\/milima.pl\/wp-content\/uploads\/2020\/04\/DSC_4070-Pano.jpg 3000w, https:\/\/milima.pl\/wp-content\/uploads\/2020\/04\/DSC_4070-Pano-300x200.jpg 300w, https:\/\/milima.pl\/wp-content\/uploads\/2020\/04\/DSC_4070-Pano-768x512.jpg 768w, https:\/\/milima.pl\/wp-content\/uploads\/2020\/04\/DSC_4070-Pano-1024x683.jpg 1024w, https:\/\/milima.pl\/wp-content\/uploads\/2020\/04\/DSC_4070-Pano-1170x780.jpg 1170w, https:\/\/milima.pl\/wp-content\/uploads\/2020\/04\/DSC_4070-Pano-585x390.jpg 585w\" sizes=\"auto, (max-width: 3000px) 100vw, 3000px\" \/><\/div>\n<div><\/div>\n<div>S\u0142o\u0144ce oczywi\u015bcie wysz\u0142o kiedy? Jak tylko docz\u0142apali\u015bmy si\u0119 do bazy&#8230; Pytania?<\/div>\n<div><span style=\"color: #ffffff;\">.<\/span><\/div>\n<div><\/div>\n<div><img loading=\"lazy\" decoding=\"async\" class=\"aligncenter size-full wp-image-6925\" src=\"https:\/\/milima.pl\/wp-content\/uploads\/2020\/04\/DSC_3377.jpg\" alt=\"laguna esmeralda\" width=\"1024\" height=\"684\" srcset=\"https:\/\/milima.pl\/wp-content\/uploads\/2020\/04\/DSC_3377.jpg 1024w, https:\/\/milima.pl\/wp-content\/uploads\/2020\/04\/DSC_3377-300x200.jpg 300w, https:\/\/milima.pl\/wp-content\/uploads\/2020\/04\/DSC_3377-768x513.jpg 768w, https:\/\/milima.pl\/wp-content\/uploads\/2020\/04\/DSC_3377-585x391.jpg 585w\" sizes=\"auto, (max-width: 1024px) 100vw, 1024px\" \/> <img loading=\"lazy\" decoding=\"async\" class=\"aligncenter size-full wp-image-6926\" src=\"https:\/\/milima.pl\/wp-content\/uploads\/2020\/04\/DSC_3410.jpg\" alt=\"laguna esmeralda\" width=\"1024\" height=\"684\" srcset=\"https:\/\/milima.pl\/wp-content\/uploads\/2020\/04\/DSC_3410.jpg 1024w, https:\/\/milima.pl\/wp-content\/uploads\/2020\/04\/DSC_3410-300x200.jpg 300w, https:\/\/milima.pl\/wp-content\/uploads\/2020\/04\/DSC_3410-768x513.jpg 768w, https:\/\/milima.pl\/wp-content\/uploads\/2020\/04\/DSC_3410-585x391.jpg 585w\" sizes=\"auto, (max-width: 1024px) 100vw, 1024px\" \/><\/div>\n<div><\/div>\n<p><span style=\"color: #ffffff;\">.<\/span><\/p>\n<h4>24 stycznia &#8211; Dzie\u0144 14 &#8211; Ziemia Ognista, Argentyna<\/h4>\n<p><span style=\"color: #ffffff;\">.<\/span><\/p>\n<p>Na wsch\u00f3d s\u0142o\u0144ca, po raz kolejny, nie mamy co liczy\u0107. Fotografujemy wi\u0119c w porcie&#8230; co wlezie. Czyli &#8211; mniej lub bardziej \u017cwawe statki ;).<\/p>\n<p><span style=\"color: #ffffff;\">.<\/span><\/p>\n<p><img loading=\"lazy\" decoding=\"async\" class=\"aligncenter size-full wp-image-6927\" src=\"https:\/\/milima.pl\/wp-content\/uploads\/2020\/04\/DSC_2655.jpg\" alt=\"Ushuaia\" width=\"1024\" height=\"684\" srcset=\"https:\/\/milima.pl\/wp-content\/uploads\/2020\/04\/DSC_2655.jpg 1024w, https:\/\/milima.pl\/wp-content\/uploads\/2020\/04\/DSC_2655-300x200.jpg 300w, https:\/\/milima.pl\/wp-content\/uploads\/2020\/04\/DSC_2655-768x513.jpg 768w, https:\/\/milima.pl\/wp-content\/uploads\/2020\/04\/DSC_2655-585x391.jpg 585w\" sizes=\"auto, (max-width: 1024px) 100vw, 1024px\" \/> <img loading=\"lazy\" decoding=\"async\" class=\"aligncenter size-full wp-image-6928\" src=\"https:\/\/milima.pl\/wp-content\/uploads\/2020\/04\/DSC_2657.jpg\" alt=\"Ushuaia\" width=\"1024\" height=\"684\" srcset=\"https:\/\/milima.pl\/wp-content\/uploads\/2020\/04\/DSC_2657.jpg 1024w, https:\/\/milima.pl\/wp-content\/uploads\/2020\/04\/DSC_2657-300x200.jpg 300w, https:\/\/milima.pl\/wp-content\/uploads\/2020\/04\/DSC_2657-768x513.jpg 768w, https:\/\/milima.pl\/wp-content\/uploads\/2020\/04\/DSC_2657-585x391.jpg 585w\" sizes=\"auto, (max-width: 1024px) 100vw, 1024px\" \/><\/p>\n<p><span style=\"color: #ffffff;\">.<\/span><\/p>\n<p>Kiedy chmury odrobin\u0119 odpu\u015bci\u0142y &#8211; decydujemy wdrapa\u0107 si\u0119\u00a0 na okoliczne wzg\u00f3rze, kt\u00f3re serwuje przyzwoit\u0105 panoram\u0119 Ushuai i pobliskich g\u00f3r. Tylko tyle i a\u017c tyle :).\u00a0 Liczyli\u015bmy na prawdziwy ogie\u0144 &#8211; w ko\u0144cu nazwa zobowi\u0105zuje. Tierra del Fuego troch\u0119 nas rozczarowa\u0142o.\u00a0\u00a0 Zobaczyli\u015bmy pingwiny, co marzy\u0142o nam si\u0119 od dawna, ale poza tym inne miejsca zachwyci\u0142y nas znacznie bardziej. W te strony wi\u0119c pewnie pr\u0119dko nie wr\u00f3cimy.\u00a0 Noooooo&#8230; chyyyyyba, \u017ce&#8230; zdecydujemy si\u0119 pop\u0142yn\u0105\u0107 na Antarktyd\u0119, ale to zupe\u0142nie inna para podr\u00f3\u017cniczych kaloszy.<\/p>\n<p><span style=\"color: #ffffff;\">.<\/span><\/p>\n<p><img loading=\"lazy\" decoding=\"async\" class=\"aligncenter size-full wp-image-6929\" src=\"https:\/\/milima.pl\/wp-content\/uploads\/2020\/04\/DSC_2684.jpg\" alt=\"Ushuaia\" width=\"1024\" height=\"684\" srcset=\"https:\/\/milima.pl\/wp-content\/uploads\/2020\/04\/DSC_2684.jpg 1024w, https:\/\/milima.pl\/wp-content\/uploads\/2020\/04\/DSC_2684-300x200.jpg 300w, https:\/\/milima.pl\/wp-content\/uploads\/2020\/04\/DSC_2684-768x513.jpg 768w, https:\/\/milima.pl\/wp-content\/uploads\/2020\/04\/DSC_2684-585x391.jpg 585w\" sizes=\"auto, (max-width: 1024px) 100vw, 1024px\" \/> <img loading=\"lazy\" decoding=\"async\" class=\"aligncenter size-full wp-image-6930\" src=\"https:\/\/milima.pl\/wp-content\/uploads\/2020\/04\/DSC_2691.jpg\" alt=\"\" width=\"1024\" height=\"684\" srcset=\"https:\/\/milima.pl\/wp-content\/uploads\/2020\/04\/DSC_2691.jpg 1024w, https:\/\/milima.pl\/wp-content\/uploads\/2020\/04\/DSC_2691-300x200.jpg 300w, https:\/\/milima.pl\/wp-content\/uploads\/2020\/04\/DSC_2691-768x513.jpg 768w, https:\/\/milima.pl\/wp-content\/uploads\/2020\/04\/DSC_2691-585x391.jpg 585w\" sizes=\"auto, (max-width: 1024px) 100vw, 1024px\" \/><\/p>\n<p><span style=\"color: #ffffff;\">.<\/span><\/p>\n<p>Kr\u00f3tkie okno pogodowe okaza\u0142o si\u0119 ma\u0142\u0105 zmy\u0142k\u0105. Na\u0142adowani patago\u0144skimi wspomnieniami i krajobrazami ci\u015bniemy ostro nad Kana\u0142 Beagle, \u017ceby przedosta\u0107 si\u0119 na drug\u0105 stron\u0119 wody i odda\u0107 nasz samoch\u00f3d tam, sk\u0105d go wypo\u017cyczyli\u015bmy. Tam te\u017c mieli\u015bmy wykupiony lot do Buenos Aires&#8230;<\/p>\n<p><span style=\"color: #ffffff;\">.<\/span><\/p>\n<p><img loading=\"lazy\" decoding=\"async\" class=\"aligncenter size-full wp-image-6931\" src=\"https:\/\/milima.pl\/wp-content\/uploads\/2020\/04\/DSC_3424.jpg\" alt=\"Ushuaia\" width=\"1024\" height=\"684\" srcset=\"https:\/\/milima.pl\/wp-content\/uploads\/2020\/04\/DSC_3424.jpg 1024w, https:\/\/milima.pl\/wp-content\/uploads\/2020\/04\/DSC_3424-300x200.jpg 300w, https:\/\/milima.pl\/wp-content\/uploads\/2020\/04\/DSC_3424-768x513.jpg 768w, https:\/\/milima.pl\/wp-content\/uploads\/2020\/04\/DSC_3424-585x391.jpg 585w\" sizes=\"auto, (max-width: 1024px) 100vw, 1024px\" \/><\/p>\n<p><span style=\"color: #ffffff;\">.<\/span><\/p>\n<p>Ca\u0142y przejazd zostawili\u015bmy sobie na ostatni dzie\u0144, maksymalizuj\u0105c czas sp\u0119dzony na miejscu. W tym wypadku ryzyko si\u0119 nie op\u0142aci\u0142o.\u00a0 To, co si\u0119 dzia\u0142o od momentu, kiedy dowiedzieli\u015bmy si\u0119 o zamkni\u0119ciu (przez sztorm) ruchu promowego do naszego powrotnego lotu z zupe\u0142nie innego lotniska &#8211; to temat na ca\u0142kiem osobny tekst. W telegraficznym skr\u00f3cie &#8211; musieli\u015bmy op\u0142aci\u0107 mo\u017cliwo\u015b\u0107 oddania auta po &#8222;naszej&#8221; stronie morza, kupi\u0107 zupe\u0142nie nowe loty do Buenos (trac\u0105c nasze), zapylaj\u0105c ile si\u0142 w maszynie &#8211; \u017ceby zd\u0105\u017cy\u0107 przed zamkni\u0119ciem wypo\u017cyczalni w ca\u0142kiem odleg\u0142ym mie\u015bcie. Naprawd\u0119 &#8211; tych emocji nie da si\u0119 zapomnie\u0107&#8230;<\/p>\n<p>&#8230; a wia\u0142o tak. Nie by\u0142o szans, \u017ceby w tych warunkach wznowiono ruch promowy.<\/p>\n<p><span style=\"color: #ffffff;\">.<\/span><\/p>\n<p><iframe loading=\"lazy\" title=\"Silny wiatr przy Beagle Channel\" width=\"500\" height=\"281\" src=\"https:\/\/www.youtube.com\/embed\/iVIMGSSAWw8?feature=oembed\" frameborder=\"0\" allow=\"accelerometer; autoplay; clipboard-write; encrypted-media; gyroscope; picture-in-picture; web-share\" referrerpolicy=\"strict-origin-when-cross-origin\" allowfullscreen><\/iframe><\/p>\n<p><span style=\"color: #ffffff;\">.<\/span><\/p>\n<p>Do Rio Grande docieramy punktualnie &#8211; dos\u0142ownie rzutem na ta\u015bm\u0119. Oddajemy auto i zasypiamy na lotniskowej pod\u0142odze&#8230;<\/p>\n<p><span style=\"color: #ffffff;\">.<\/span><\/p>\n<h4>25 stycznia &#8211; Dzie\u0144 15 &#8211; Rio Grande, Argentyna<\/h4>\n<p><span style=\"color: #ffffff;\">.<\/span><\/p>\n<p>Chwil\u0119 przed 3 nad ranem, wylatujemy z Rio Grande! Szcz\u0119\u015bliwi, \u017ce pomimo takich przyg\u00f3d &#8211; jest szansa, \u017ce wr\u00f3cimy na czas do domu. Czekaj\u0105c na prom, nie mog\u0105c dogada\u0107 si\u0119 z hiszpa\u0144skoj\u0119zyczn\u0105 przedstawicielk\u0105 wypo\u017cyczalni, kt\u00f3ra nie chcia\u0142a wyrazi\u0107 zgody na zostawienie auta w ich innej plac\u00f3wce &#8211; nie by\u0142o to do ko\u0144ca pewne.<\/p>\n<p>Podsumowuj\u0105c fina\u0142 naszej podr\u00f3\u017cy:<\/p>\n<p>&#8211; wydali\u015bmy troch\u0119 nieplanowanej got\u00f3wki,<\/p>\n<p>&#8211; ugotowali\u015bmy ostatni obiad na gazie, \u0142ami\u0105c tym samym kanon zasad BHP (kuchenka ustawiona pod kolumn\u0105 kierownicy, bo wia\u0142o na dworze!),<\/p>\n<p>&#8211; przejechali\u015bmy kawa\u0142 drogi po dziurach z dodatkiem asfaltu, \u017ceby m\u00f3c si\u0119 pozby\u0107 czteroko\u0142owego strupa.<\/p>\n<p><span style=\"color: #ffffff;\">.<\/span><\/p>\n<p><img loading=\"lazy\" decoding=\"async\" class=\"aligncenter size-full wp-image-6961\" src=\"https:\/\/milima.pl\/wp-content\/uploads\/2020\/04\/riograndejpg.jpg\" alt=\"\" width=\"675\" height=\"900\" srcset=\"https:\/\/milima.pl\/wp-content\/uploads\/2020\/04\/riograndejpg.jpg 675w, https:\/\/milima.pl\/wp-content\/uploads\/2020\/04\/riograndejpg-225x300.jpg 225w, https:\/\/milima.pl\/wp-content\/uploads\/2020\/04\/riograndejpg-585x780.jpg 585w\" sizes=\"auto, (max-width: 675px) 100vw, 675px\" \/><\/p>\n<p><span style=\"color: #ffffff;\">.<\/span><\/p>\n<p>Buenos &#8211; tylko we\u017a nam nie wywi\u0144 jakiego\u015b numeru! Jeste\u015bmy starzy i mamy s\u0142abe serca ;).<\/p>\n<p>&nbsp;<\/p>\n<h4>25 stycznia, godzina 13:55 czasu &#8222;buenoaryjskiego&#8221; &#8211; samolot z Buenos Aires do Berlina<\/h4>\n<p><span style=\"color: #ffffff;\">.<\/span><\/p>\n<p>Mamy to! Siedzimy na pok\u0142adzie samolotu, lecimy w stron\u0119 domu, a jeszcze kilkana\u015bcie godzin wcze\u015bniej ci\u0119\u017cko to by\u0142o uzna\u0107 za pewnik. Szcz\u0119\u015bliwi, \u017ce podj\u0119li\u015bmy s\u0142uszn\u0105 decyzj\u0119 o zawr\u00f3ceniu z kolejki do promu, w kt\u00f3rej wielu sta\u0142o i (tego dnia) si\u0119 nie doczeka\u0142o mo\u017cliwo\u015bci przeprawy. Je\u015bli obierzecie podobn\u0105 tras\u0119, wiedzcie, \u017ce tutejsza pogoda bywa silnie kapry\u015bna i u\u0142o\u017cenie trasy powrotnej z promem na &#8222;styk&#8221; nie zawsze mo\u017ce zadzia\u0142a\u0107. Dzie\u0144 rezerwy, w tym wypadku, jest jednak konieczny. Chyba, \u017ce nasz przygodowy scenariusz przypad\u0142 Wam do gustu, wtedy &#8211; &#8222;go ahead!&#8221; ;]\u00a0 Wa\u017cne, \u017ceby si\u0119 dzia\u0142o^^.<\/p>\n<p><span style=\"color: #ffffff;\">.<\/span><\/p>\n<h4>26 stycznia &#8211; Dzie\u0144 16 &#8211; Berlin<\/h4>\n<p><span style=\"color: #ffffff;\">.<\/span><\/p>\n<p>Tym sposobem, przed 12 w samo po\u0142udnie &#8211; meldujemy si\u0119 ponownie na lotnisku w Berlinie. 3 dni\u00a0 bez prysznica, wi\u0119c gadka przy sprawdzaniu paszport\u00f3w nie jest zbyt d\u0142uga ;). Odbieramy nasze paszporty i wracamy do kraju!<\/p>\n<p>Kiedy kolejny trip do Patagonii? <strong>Jak najszybciej!!<\/strong><\/p>\n<p><span style=\"color: #ffffff;\">.<\/span><\/p>\n<h1 style=\"text-align: center;\">Kosztorys naszej dwutygodniowej podr\u00f3\u017cy<\/h1>\n<p><span style=\"color: #ffffff;\">.<\/span><\/p>\n<ul>\n<li><strong>Loty mi\u0119dzynarodowe:<\/strong> Berlin &#8211; Buenos Aires\u00a0 &#8211; Berlin <strong>AlItalia\u00a0 &#8211; 9000 PLN <\/strong>(3 osoby doros\u0142e)<\/li>\n<li><strong>Loty wewn\u0119trzne:<\/strong> Buenos Aires &#8211; Rio Gallegos &#8211; Buenos Aires &#8211; <strong>ok. 3000 PLN<\/strong> (3 osoby)<\/li>\n<li><strong>Loty wewn\u0119trzne:\u00a0<\/strong> Rio Grande &#8211; Buenos Aires\u00a0<strong> Aerolinas Argentina<\/strong> &#8211; <strong>459 EUR<\/strong> (3 osoby)\u00a0 &#8211; ok. 650 PLN na osob\u0119<\/li>\n<li><strong>Wynajem samochodu: <\/strong>ok. 2000 PLN<\/li>\n<li><strong>Koszt paliwa:<\/strong> ponad 3000 PLN (ceny paliwa mocno si\u0119 zmieniaj\u0105, wi\u0119c przed wyjazdem mo\u017cecie dok\u0142adniej oszacowa\u0107)<\/li>\n<li><strong>Dop\u0142ata do wynajmu &#8211; za oddanie w innym mie\u015bcie (Rio Grande): 319 PLN<\/strong><\/li>\n<li><strong>Parking<\/strong> na 16 dni w Berlinie &#8211; <strong>105 EUR<\/strong> (MC Parking)<\/li>\n<li><strong>Ubezpieczenie<\/strong> (w tym od sport\u00f3w wysokiego ryzyka: <strong>490 PLN<\/strong><\/li>\n<li><strong>Wycieczka na pingwiny<\/strong> z Ushuai: <strong>396 USD<\/strong>\u00a0 (ok, 1600 PLN)<\/li>\n<li><strong>Koszty nocleg\u00f3w (campingi, hostele, domki): ok. 3500 PLN <\/strong>(by\u0142y biwaki za free, hostele i hotele za ok.300 pln, ale te\u017c i domek w El Chalten za 600 PLN)<strong><br \/>\n<\/strong><\/li>\n<li><strong>Restauracje: ok. 300 PLN (<\/strong>g\u0142\u00f3wnie gotowali\u015bmy sami)<strong><br \/>\n<\/strong><\/li>\n<li><strong>Zakupy \u017cywno\u015bci, gaz itp.<\/strong> na trekkingi<strong>: ok. 700 pln <\/strong><\/li>\n<li><strong>Jedzenie zabrane z kraju<\/strong> (batony, liofile, puszki z tu\u0144czykiem, kabanosy, czekolady, batony proteinowe, sosy w proszku) &#8211; <strong>ok. 500 pln<\/strong><\/li>\n<\/ul>\n<p style=\"text-align: center;\">\u0141\u0105cznie jakie\u015b <strong>27 tys. PLN<\/strong>, co daje w przybli\u017ceniu <strong>ok. 9000 PLN<\/strong> na osob\u0119 (w obranym przez nas standardzie i stylu podr\u00f3\u017cowania).<\/p>\n<p>&nbsp;<\/p>\n<h1 style=\"text-align: center;\">Podsumowuj\u0105c&#8230;<\/h1>\n<p>&nbsp;<\/p>\n<ul>\n<li>W czasie naszej podr\u00f3\u017cy odwiedzili\u015bmy <strong>dwa kraje: Argentyn\u0119 i Chile<\/strong>, przekraczaj\u0105c wielokrotnie granice mi\u0119dzy nimi ;).<\/li>\n<li>Ci\u0119\u017cko nam dok\u0142adnie zliczy\u0107 ile km przejechali\u015bmy samochodem.\u00a0 Je\u017adzili\u015bmy sporo, w pobli\u017cu wi\u0119kszo\u015bci miejsc, w kt\u00f3rych si\u0119 zatrzymywali\u015bmy.\u00a0 Niestety nie rejestrowali\u015bmy tych przejazd\u00f3w dok\u0142adnie. Nasza samochodowa mapa, z naniesionymi miastami postojowymi, finalnie wygl\u0105da\u0142a tak:<\/li>\n<\/ul>\n<p><iframe loading=\"lazy\" src=\"https:\/\/www.google.com\/maps\/d\/embed?mid=1ju2fMavUHGhYg-BZXPfINPaB6EP4uNyF\" width=\"640\" height=\"480\"><\/iframe><\/p>\n<ul>\n<li><strong>Gdzie chcemy koniecznie wr\u00f3ci\u0107?<\/strong><\/li>\n<\/ul>\n<p>Na pewno do Torres del Paine. Mamy z nim kilka nie rozliczonych rachunk\u00f3w (w tym W trek!). Przy kolejnej wizycie b\u0119dzie on z pewno\u015bci\u0105 g\u0142\u00f3wnym celem.<\/p>\n<p>Na pewno zawitamy do El Chalten, sk\u0105d ponownie wyruszymy pod skalne wie\u017ce, przy Lago de Los Tres. Dodamy jaki\u015b trekking po lodowcu i rozejrzymy si\u0119 za miejscami wspinaczkowymi ;).<\/p>\n<ul>\n<li><strong>Najpi\u0119kniejsze miejsca, jakie zobaczyli\u015bmy?<\/strong><\/li>\n<\/ul>\n<p>Na ten temat powstanie pewnie osobny tekst. Nie wsz\u0119dzie warunki nam dopisa\u0142y, co zwi\u0119ksza\u00a0 z pewno\u015bci\u0105 subiektywizm oceny. Zdecydowanie najwi\u0119ksze wra\u017cenie zrobi\u0142y na nas, w Argentynie, okolice El Chalten i Laguna Torre o \u015bwicie! Po stronie chilijskiej z kolei &#8211; niesamowity widok na skalne wie\u017ce, z charakterystycznymi ciemnymi &#8222;czapami&#8221;.<\/p>\n<figure id=\"attachment_6966\" aria-describedby=\"caption-attachment-6966\" style=\"width: 1024px\" class=\"wp-caption aligncenter\"><img loading=\"lazy\" decoding=\"async\" class=\"wp-image-6966 size-full\" src=\"https:\/\/milima.pl\/wp-content\/uploads\/2020\/04\/DSC_1825-HDR.jpg\" alt=\"droga do el chalten patagonia\" width=\"1024\" height=\"681\" srcset=\"https:\/\/milima.pl\/wp-content\/uploads\/2020\/04\/DSC_1825-HDR.jpg 1024w, https:\/\/milima.pl\/wp-content\/uploads\/2020\/04\/DSC_1825-HDR-300x200.jpg 300w, https:\/\/milima.pl\/wp-content\/uploads\/2020\/04\/DSC_1825-HDR-768x511.jpg 768w, https:\/\/milima.pl\/wp-content\/uploads\/2020\/04\/DSC_1825-HDR-585x389.jpg 585w\" sizes=\"auto, (max-width: 1024px) 100vw, 1024px\" \/><figcaption id=\"caption-attachment-6966\" class=\"wp-caption-text\">Droga do El Chalten. Argentyna<\/figcaption><\/figure>\n<figure id=\"attachment_6965\" aria-describedby=\"caption-attachment-6965\" style=\"width: 1024px\" class=\"wp-caption aligncenter\"><img loading=\"lazy\" decoding=\"async\" class=\"wp-image-6965 size-full\" src=\"https:\/\/milima.pl\/wp-content\/uploads\/2020\/04\/DSC_2473-HDR.jpg\" alt=\"\" width=\"1024\" height=\"681\" srcset=\"https:\/\/milima.pl\/wp-content\/uploads\/2020\/04\/DSC_2473-HDR.jpg 1024w, https:\/\/milima.pl\/wp-content\/uploads\/2020\/04\/DSC_2473-HDR-300x200.jpg 300w, https:\/\/milima.pl\/wp-content\/uploads\/2020\/04\/DSC_2473-HDR-768x511.jpg 768w, https:\/\/milima.pl\/wp-content\/uploads\/2020\/04\/DSC_2473-HDR-585x389.jpg 585w\" sizes=\"auto, (max-width: 1024px) 100vw, 1024px\" \/><figcaption id=\"caption-attachment-6965\" class=\"wp-caption-text\">Laguna Torre. Argentyna<\/figcaption><\/figure>\n<figure id=\"attachment_6964\" aria-describedby=\"caption-attachment-6964\" style=\"width: 1024px\" class=\"wp-caption aligncenter\"><img loading=\"lazy\" decoding=\"async\" class=\"wp-image-6964 size-full\" src=\"https:\/\/milima.pl\/wp-content\/uploads\/2020\/04\/DSC_3725-HDR.jpg\" alt=\"\" width=\"1024\" height=\"681\" srcset=\"https:\/\/milima.pl\/wp-content\/uploads\/2020\/04\/DSC_3725-HDR.jpg 1024w, https:\/\/milima.pl\/wp-content\/uploads\/2020\/04\/DSC_3725-HDR-300x200.jpg 300w, https:\/\/milima.pl\/wp-content\/uploads\/2020\/04\/DSC_3725-HDR-768x511.jpg 768w, https:\/\/milima.pl\/wp-content\/uploads\/2020\/04\/DSC_3725-HDR-585x389.jpg 585w\" sizes=\"auto, (max-width: 1024px) 100vw, 1024px\" \/><figcaption id=\"caption-attachment-6964\" class=\"wp-caption-text\">Widok z Mirador Cuernos. Chile<\/figcaption><\/figure>\n<ul>\n<li><strong>Najlepsi towarzysze podr\u00f3\u017cy?<\/strong><\/li>\n<\/ul>\n<p>Zwierzaki!<\/p>\n<p>Praktycznie przez ca\u0142\u0105 nasz\u0105 tras\u0119, czuli\u015bmy si\u0119 obserwowani przez <strong>guanaco<\/strong>&#8230;<\/p>\n<p><img loading=\"lazy\" decoding=\"async\" class=\"aligncenter size-full wp-image-6956\" src=\"https:\/\/milima.pl\/wp-content\/uploads\/2020\/04\/DSC_0113.jpg\" alt=\"guanaco\" width=\"1024\" height=\"684\" srcset=\"https:\/\/milima.pl\/wp-content\/uploads\/2020\/04\/DSC_0113.jpg 1024w, https:\/\/milima.pl\/wp-content\/uploads\/2020\/04\/DSC_0113-300x200.jpg 300w, https:\/\/milima.pl\/wp-content\/uploads\/2020\/04\/DSC_0113-768x513.jpg 768w, https:\/\/milima.pl\/wp-content\/uploads\/2020\/04\/DSC_0113-585x391.jpg 585w\" sizes=\"auto, (max-width: 1024px) 100vw, 1024px\" \/><\/p>\n<p>W Chile niejednokrotnie chcieli\u015bmy przytuli\u0107 <strong>alpaki<\/strong>, kt\u00f3rych miny wyra\u017caj\u0105 wiele nieskrywanych my\u015bli &lt;hihi&gt;:<\/p>\n<p><img loading=\"lazy\" decoding=\"async\" class=\"aligncenter size-full wp-image-6957\" src=\"https:\/\/milima.pl\/wp-content\/uploads\/2020\/04\/DSC_1589.jpg\" alt=\"\" width=\"1024\" height=\"683\" srcset=\"https:\/\/milima.pl\/wp-content\/uploads\/2020\/04\/DSC_1589.jpg 1024w, https:\/\/milima.pl\/wp-content\/uploads\/2020\/04\/DSC_1589-300x200.jpg 300w, https:\/\/milima.pl\/wp-content\/uploads\/2020\/04\/DSC_1589-768x512.jpg 768w, https:\/\/milima.pl\/wp-content\/uploads\/2020\/04\/DSC_1589-585x390.jpg 585w\" sizes=\"auto, (max-width: 1024px) 100vw, 1024px\" \/><\/p>\n<p>Cz\u0119sto spotykali\u015bmy <strong>konie<\/strong>. Niestety&#8230; nie wszystkie dawa\u0142y si\u0119 pog\u0142aska\u0107.<\/p>\n<p><img loading=\"lazy\" decoding=\"async\" class=\"aligncenter size-full wp-image-6963\" src=\"https:\/\/milima.pl\/wp-content\/uploads\/2020\/04\/DSC_0796.jpg\" alt=\"\" width=\"1024\" height=\"683\" srcset=\"https:\/\/milima.pl\/wp-content\/uploads\/2020\/04\/DSC_0796.jpg 1024w, https:\/\/milima.pl\/wp-content\/uploads\/2020\/04\/DSC_0796-300x200.jpg 300w, https:\/\/milima.pl\/wp-content\/uploads\/2020\/04\/DSC_0796-768x512.jpg 768w, https:\/\/milima.pl\/wp-content\/uploads\/2020\/04\/DSC_0796-585x390.jpg 585w\" sizes=\"auto, (max-width: 1024px) 100vw, 1024px\" \/><\/p>\n<p>Widzieli\u015bmy te\u017c mn\u00f3stwo <strong>ptak\u00f3w<\/strong>. Nie wszystkie gatunki by\u0142y jednak tak s\u0142odkie, jak <strong>pingwiny <\/strong>(to nie te poni\u017cej \ud83d\ude09 ):<\/p>\n<p><img loading=\"lazy\" decoding=\"async\" class=\"aligncenter size-full wp-image-6962\" src=\"https:\/\/milima.pl\/wp-content\/uploads\/2020\/04\/DSC_0695.jpg\" alt=\"\" width=\"1024\" height=\"683\" srcset=\"https:\/\/milima.pl\/wp-content\/uploads\/2020\/04\/DSC_0695.jpg 1024w, https:\/\/milima.pl\/wp-content\/uploads\/2020\/04\/DSC_0695-300x200.jpg 300w, https:\/\/milima.pl\/wp-content\/uploads\/2020\/04\/DSC_0695-768x512.jpg 768w, https:\/\/milima.pl\/wp-content\/uploads\/2020\/04\/DSC_0695-585x390.jpg 585w\" sizes=\"auto, (max-width: 1024px) 100vw, 1024px\" \/><\/p>\n<p><strong>Kto\u015b z Was by\u0142 ju\u017c w tych stronach, czy nie zaznacie podr\u00f3\u017cniczego spokoju ducha zanim tam nie dotrzecie? \ud83d\ude09<\/strong><\/p>\n","protected":false},"excerpt":{"rendered":"<p>Nasza &#8222;Patagonia story&#8221; zacz\u0119\u0142a si\u0119 d\u0142ugo przed wej\u015bciem na pok\u0142ad samolotu relacji Berlin &#8211; co\u015b po \u015brodku &#8211; Buenos Aires (a p\u00f3\u017aniej Buenos &#8211; nasz_raj_wyczekiwany). Skalne ziarenko kie\u0142kowa\u0142o powoli w g\u0142owach, a\u017c pewnego dnia&hellip;<\/p>\n","protected":false},"author":1,"featured_media":6813,"comment_status":"open","ping_status":"open","sticky":false,"template":"","format":"standard","meta":{"footnotes":""},"categories":[445,343],"tags":[451,446,559,558,302,316,461,560,298,376,73,562,563,433,561,459,555,180,244,378,349],"class_list":["post-6811","post","type-post","status-publish","format-standard","has-post-thumbnail","hentry","category-ameryka-poludniowa","category-gory","tag-ameryka-poludniowa","tag-argentyna","tag-cerro-torre","tag-chile","tag-ciekawe-miejsca","tag-co-zobaczyc","tag-el-chalten","tag-fitz-roy","tag-fotografowanie-w-gorach","tag-gdzie-wyjechac","tag-gory","tag-kosztorys","tag-koszty-podrozy","tag-mountains","tag-noclegi","tag-patagonia","tag-plan-podrozy","tag-pomysl-na-wakacje","tag-trekking","tag-wschod-slonca","tag-zachod-slonca"],"_links":{"self":[{"href":"https:\/\/milima.pl\/blog\/wp-json\/wp\/v2\/posts\/6811","targetHints":{"allow":["GET"]}}],"collection":[{"href":"https:\/\/milima.pl\/blog\/wp-json\/wp\/v2\/posts"}],"about":[{"href":"https:\/\/milima.pl\/blog\/wp-json\/wp\/v2\/types\/post"}],"author":[{"embeddable":true,"href":"https:\/\/milima.pl\/blog\/wp-json\/wp\/v2\/users\/1"}],"replies":[{"embeddable":true,"href":"https:\/\/milima.pl\/blog\/wp-json\/wp\/v2\/comments?post=6811"}],"version-history":[{"count":59,"href":"https:\/\/milima.pl\/blog\/wp-json\/wp\/v2\/posts\/6811\/revisions"}],"predecessor-version":[{"id":6994,"href":"https:\/\/milima.pl\/blog\/wp-json\/wp\/v2\/posts\/6811\/revisions\/6994"}],"wp:featuredmedia":[{"embeddable":true,"href":"https:\/\/milima.pl\/blog\/wp-json\/wp\/v2\/media\/6813"}],"wp:attachment":[{"href":"https:\/\/milima.pl\/blog\/wp-json\/wp\/v2\/media?parent=6811"}],"wp:term":[{"taxonomy":"category","embeddable":true,"href":"https:\/\/milima.pl\/blog\/wp-json\/wp\/v2\/categories?post=6811"},{"taxonomy":"post_tag","embeddable":true,"href":"https:\/\/milima.pl\/blog\/wp-json\/wp\/v2\/tags?post=6811"}],"curies":[{"name":"wp","href":"https:\/\/api.w.org\/{rel}","templated":true}]}}