{"id":5551,"date":"2019-03-06T16:11:48","date_gmt":"2019-03-06T15:11:48","guid":{"rendered":"https:\/\/milima.pl\/blog\/?p=5551"},"modified":"2019-03-12T16:27:39","modified_gmt":"2019-03-12T15:27:39","slug":"laguna-torre","status":"publish","type":"post","link":"https:\/\/milima.pl\/blog\/laguna-torre\/","title":{"rendered":"Patagonia z aparatem &#8211; Laguna Torre w porannej i wieczornej ods\u0142onie"},"content":{"rendered":"<h4>Patagonia &#8211; widoki sprawiaj\u0105ce, \u017ce oczy \u015bwiec\u0105 si\u0119 jak pijane, kolana dr\u017c\u0105, a w brzuchu rewolucje jak na trzeciej randce. Niby nie tylko tam strzeliste szczyty wyrastaj\u0105 od st\u00f3p a\u017c pod samo niebo.\u00a0 Ob\u0142\u0119dnie pokolorowanych jezior,\u00a0 wkomponowanych w krajobraz,\u00a0 jak po\u015bladki w Kim Kardashian, te\u017c na \u015bwiecie nie brakuje. Te patago\u0144skie jednak, z jakiego\u015b powodu, dla niekt\u00f3rych s\u0105 jakby troch\u0119 &#8222;bardziej&#8221;.<\/h4>\n<p>Tymczasem rzeczywisto\u015b\u0107 odczarowuje nieco romantyczne uniesienia, bo o ile cz\u0119\u015b\u0107 z tamtejszych g\u00f3rskich &#8222;klasyk\u00f3w&#8221; jest stosunkowo \u0142atwo dost\u0119pna, to przy niekt\u00f3rych trzeba si\u0119 nieco natyra\u0107. Nasza propozycja b\u0119dzie w\u0142a\u015bnie z gatunku tych drugich. Pokochacie j\u0105 za widoki po drodze i u celu. Pokochacie mniej za d\u017awiganie kilogram\u00f3w sprz\u0119tu biwakowego, aparat\u00f3w (czyli tego najwa\u017cniejszego!) i camping bez prysznica, ale za to z kibelkiem w czterech deskach i dziur\u0105 w ziemi. Je\u015bli czujecie si\u0119 przekonani &#8211; zapraszamy na zach\u00f3d i wsch\u00f3d s\u0142o\u0144ca przy Lagunie Torre!<\/p>\n<div style=\"width: 100vw; margin-left: calc(-1 * 50vw + 50%); padding: 20px 0px;\"><img loading=\"lazy\" decoding=\"async\" class=\"aligncenter size-full wp-image-5566\" src=\"https:\/\/milima.pl\/wp-content\/uploads\/2019\/03\/DSC_2383-HDR.jpg\" alt=\"laguna torre\" width=\"3500\" height=\"2329\" srcset=\"https:\/\/milima.pl\/wp-content\/uploads\/2019\/03\/DSC_2383-HDR.jpg 3500w, https:\/\/milima.pl\/wp-content\/uploads\/2019\/03\/DSC_2383-HDR-300x200.jpg 300w, https:\/\/milima.pl\/wp-content\/uploads\/2019\/03\/DSC_2383-HDR-768x511.jpg 768w, https:\/\/milima.pl\/wp-content\/uploads\/2019\/03\/DSC_2383-HDR-1024x681.jpg 1024w, https:\/\/milima.pl\/wp-content\/uploads\/2019\/03\/DSC_2383-HDR-1170x779.jpg 1170w, https:\/\/milima.pl\/wp-content\/uploads\/2019\/03\/DSC_2383-HDR-585x389.jpg 585w\" sizes=\"auto, (max-width: 3500px) 100vw, 3500px\" \/><\/div>\n<p><span style=\"color: #ffffff;\">.<\/span><\/p>\n<p>Tym razem b\u0119dzie mniej praktycznie, a bardziej dla oka. Na samej trasie skupimy si\u0119 w tek\u015bcie o propozycji trekkingu w okolicy Fitz Roya, bo to miejsce by\u0142o cz\u0119\u015bci\u0105 d\u0142u\u017cszego wyj\u015bcia. Dla tych, kt\u00f3rzy nie tylko po \u0142adne obrazki tu przychodz\u0105 &#8211; odrobin\u0119 &#8222;backstage&#8217;u&#8221; tak\u017ce przemycili\u015bmy ;).<br \/>\nJe\u015bli wystarcz\u0105 Wam widoki &#8222;za dnia&#8221; &#8211; Lagun\u0119 Torre mo\u017cecie odwiedzi\u0107 tak\u017ce w ramach jednodniowego trekkingu. Do pokonania b\u0119dziecie mie\u0107 oko\u0142o 20 km w obie strony, co trzeba wzi\u0105\u0107 pod uwag\u0119 planuj\u0105c godzin\u0119 wyj\u015bcia i powrotu.<br \/>\nNam si\u0119 specjalnie nie spieszy\u0142o ;). Chcieli\u015bmy dotrze\u0107 na miejsce jakie\u015b 3, 4 godziny przed zachodem s\u0142o\u0144ca, \u017ceby na spokojnie rozbi\u0107 namioty, ugotowa\u0107 obiad, u\u0142o\u017cy\u0107 makaron w \u017co\u0142\u0105dkach i znale\u017a\u0107 idealne spoty fotograficzne ;).<br \/>\nOpu\u015bcili\u015bmy wi\u0119c nasz \u015bliczny (i koszmarnie drogi) domek w El Chalten i wyruszyli\u015bmy przed siebie. Na pocz\u0105tku troch\u0119 niemrawo &#8211; najpierw pag\u00f3rki zas\u0142ania\u0142y g\u00f3ry, szli\u015bmy po jakiej\u015b \u0142\u0105ce i nic nie wskazywa\u0142o na wielkie &#8222;wow&#8221;.\u00a0 P\u00f3\u017aniej zacz\u0119\u0142y pojawia\u0107 nawet kierunkowskazy, a kiedy przeszli\u015bmy kilka &#8222;agresywnych&#8221; pag\u00f3rk\u00f3w, wy\u0142oni\u0142y si\u0119 wreszcie &#8222;naaaasze&#8221; g\u00f3ry!<\/p>\n<p><span style=\"color: #ffffff;\">.<\/span><\/p>\n<p><img loading=\"lazy\" decoding=\"async\" class=\"aligncenter size-full wp-image-5562\" style=\"max-width: 100%; width: 100%;\" src=\"https:\/\/milima.pl\/wp-content\/uploads\/2019\/03\/DSC_0227.jpg\" alt=\"droga do laguna torre\" width=\"1024\" height=\"684\" srcset=\"https:\/\/milima.pl\/wp-content\/uploads\/2019\/03\/DSC_0227.jpg 1024w, https:\/\/milima.pl\/wp-content\/uploads\/2019\/03\/DSC_0227-300x200.jpg 300w, https:\/\/milima.pl\/wp-content\/uploads\/2019\/03\/DSC_0227-768x513.jpg 768w, https:\/\/milima.pl\/wp-content\/uploads\/2019\/03\/DSC_0227-585x391.jpg 585w\" sizes=\"auto, (max-width: 1024px) 100vw, 1024px\" \/><\/p>\n<p><span style=\"color: #ffffff;\">.<\/span><\/p>\n<p>Jest fajnie! Pogoda w Patagonii potrafi by\u0107 naprawd\u0119 kapry\u015bna (co odczuli\u015bmy na w\u0142asnej sk\u00f3rze nie raz), wi\u0119c nadzieja, \u017ce zach\u00f3d &#8222;pyknie&#8221; nie umar\u0142a ;).<\/p>\n<p><span style=\"color: #ffffff;\">.<\/span><\/p>\n<p><img loading=\"lazy\" decoding=\"async\" class=\"aligncenter size-full wp-image-5560\" src=\"https:\/\/milima.pl\/wp-content\/uploads\/2019\/03\/DSC_0283-2.jpg\" alt=\"droga do laguna torre\" width=\"1024\" height=\"684\" srcset=\"https:\/\/milima.pl\/wp-content\/uploads\/2019\/03\/DSC_0283-2.jpg 1024w, https:\/\/milima.pl\/wp-content\/uploads\/2019\/03\/DSC_0283-2-300x200.jpg 300w, https:\/\/milima.pl\/wp-content\/uploads\/2019\/03\/DSC_0283-2-768x513.jpg 768w, https:\/\/milima.pl\/wp-content\/uploads\/2019\/03\/DSC_0283-2-585x391.jpg 585w\" sizes=\"auto, (max-width: 1024px) 100vw, 1024px\" \/> <img loading=\"lazy\" decoding=\"async\" class=\"aligncenter size-full wp-image-5561\" src=\"https:\/\/milima.pl\/wp-content\/uploads\/2019\/03\/DSC_0302.jpg\" alt=\"droga do laguna torre\" width=\"1024\" height=\"684\" srcset=\"https:\/\/milima.pl\/wp-content\/uploads\/2019\/03\/DSC_0302.jpg 1024w, https:\/\/milima.pl\/wp-content\/uploads\/2019\/03\/DSC_0302-300x200.jpg 300w, https:\/\/milima.pl\/wp-content\/uploads\/2019\/03\/DSC_0302-768x513.jpg 768w, https:\/\/milima.pl\/wp-content\/uploads\/2019\/03\/DSC_0302-585x391.jpg 585w\" sizes=\"auto, (max-width: 1024px) 100vw, 1024px\" \/><img loading=\"lazy\" decoding=\"async\" class=\"aligncenter size-full wp-image-5559\" src=\"https:\/\/milima.pl\/wp-content\/uploads\/2019\/03\/DSC_0265.jpg\" alt=\"droga do laguna torre\" width=\"1024\" height=\"684\" srcset=\"https:\/\/milima.pl\/wp-content\/uploads\/2019\/03\/DSC_0265.jpg 1024w, https:\/\/milima.pl\/wp-content\/uploads\/2019\/03\/DSC_0265-300x200.jpg 300w, https:\/\/milima.pl\/wp-content\/uploads\/2019\/03\/DSC_0265-768x513.jpg 768w, https:\/\/milima.pl\/wp-content\/uploads\/2019\/03\/DSC_0265-585x391.jpg 585w\" sizes=\"auto, (max-width: 1024px) 100vw, 1024px\" \/><\/p>\n<p><span style=\"color: #ffffff;\">.<\/span><\/p>\n<p>Po\u00a0przebyciu oko\u0142o 10 kilometr\u00f3w\u00a0docieramy do ukrytego w lesie, zaraz za moren\u0105 jeziora &#8211; Camping Base de Agostini. St\u0105d dzieli nas zaledwie kilkana\u015bcie minut marszu od jeziora. Jest to spore udogodnienie, bo szanse, \u017ce zgubicie si\u0119 po zmroku zawsze jakie\u015b s\u0105, ale taka blisko\u015b\u0107 biwaku je znacz\u0105co ogranicza ;).<\/p>\n<p><span style=\"color: #ffffff;\">.<\/span><\/p>\n<h1 style=\"text-align: center;\">A mo\u017ce by tak przy jeziorze?<\/h1>\n<p><span style=\"color: #ffffff;\">.<\/span><\/p>\n<p>Na chwil\u0119 za\u0142\u0105czy\u0142 nam si\u0119 instagramowy romantyzm i wyobrazili\u015bmy sobie nasze namioty nad brzegiem jeziora, w tle Cerro Torre, nad nami gwiazdy, p\u00f3\u017aniej droga mleczna i w og\u00f3le. Gdzie\u015b nawet nam mign\u0119\u0142o wcze\u015bniej jakie\u015b zdj\u0119cie dzikiego biwakowicza, co prawda bez tych wszystkich &#8222;ekstras\u00f3w&#8221;, ale te\u017c robi\u0142o wra\u017cenie. Miejsce jest jednak na tyle popularne, \u017ce istnieje spora szansa na wydanie\u00a0cennych pessos, przy spotkaniu z mniej uprzejmym panem z plakietk\u0105.<\/p>\n<p>Kulturalnie zatem wybrali\u015bmy dwa miejsca pod drzewem, jednocze\u015bnie wystarczaj\u0105co daleko i blisko od latryny, w kt\u00f3rych za\u0142o\u017cyli\u015bmy tymczasowe obozowisko. Luksus\u00f3w nie oczekujcie, bo wspomniany kibelek jest jedynym luksusem. Je\u015bli jednak zale\u017cy Wam na zachodzie i wschodzie s\u0142o\u0144ca, fotografowanym w tym miejscu, bez biwaku b\u0119dzie to naprawd\u0119 trudne do ogarni\u0119cia.<\/p>\n<p>W tym miejscu jeszcze jedna uwaga &#8211; woda pitna. W zasadzie to jej brak. Kiedy przygl\u0105dali\u015bmy si\u0119 oznaczeniom w naszej ulubionej apce nawigacyjnej (Maps.me) &#8211; punkt czerpania wody naniesiony by\u0142 w pobli\u017cu campingu. By\u0142o gor\u0105co jak diabli, zrobili\u015bmy kilka wyj\u015b\u0107 w ramach rekonensansu i nic. Okaza\u0142o si\u0119, \u017ce ludzie na campie gotuj\u0105 po prostu &#8222;zamulon\u0105&#8221; wod\u0119 z lodowca. Co by\u0142o robi\u0107 &#8211; zrobili\u015bmy tak te\u017c i my. Byli\u015bmy jednak o 30% cwansi, zabieraj\u0105c ze sob\u0105 filtr do wody. Niestety tylko o 30, bo&#8230; zostawili\u015bmy zestaw do jego czyszczenia. Po przefiltrowaniu wody potrzebnej do zagotowania jednego gara &#8211; sprz\u0119t zapcha\u0142 si\u0119 tak, \u017ce ledwo co z niego kapa\u0142o. To by\u0142oby na tyle ;).<\/p>\n<p><span style=\"color: #ffffff;\">.<\/span><\/p>\n<p><img loading=\"lazy\" decoding=\"async\" class=\"aligncenter size-full wp-image-5563\" src=\"https:\/\/milima.pl\/wp-content\/uploads\/2019\/03\/DSC_0343.jpg\" alt=\"camping laguna torre\" width=\"1024\" height=\"684\" srcset=\"https:\/\/milima.pl\/wp-content\/uploads\/2019\/03\/DSC_0343.jpg 1024w, https:\/\/milima.pl\/wp-content\/uploads\/2019\/03\/DSC_0343-300x200.jpg 300w, https:\/\/milima.pl\/wp-content\/uploads\/2019\/03\/DSC_0343-768x513.jpg 768w, https:\/\/milima.pl\/wp-content\/uploads\/2019\/03\/DSC_0343-585x391.jpg 585w\" sizes=\"auto, (max-width: 1024px) 100vw, 1024px\" \/> <img loading=\"lazy\" decoding=\"async\" class=\"aligncenter size-full wp-image-5564\" src=\"https:\/\/milima.pl\/wp-content\/uploads\/2019\/03\/DSC_0442.jpg\" alt=\"camping laguna torre\" width=\"1024\" height=\"684\" srcset=\"https:\/\/milima.pl\/wp-content\/uploads\/2019\/03\/DSC_0442.jpg 1024w, https:\/\/milima.pl\/wp-content\/uploads\/2019\/03\/DSC_0442-300x200.jpg 300w, https:\/\/milima.pl\/wp-content\/uploads\/2019\/03\/DSC_0442-768x513.jpg 768w, https:\/\/milima.pl\/wp-content\/uploads\/2019\/03\/DSC_0442-585x391.jpg 585w\" sizes=\"auto, (max-width: 1024px) 100vw, 1024px\" \/><\/p>\n<h1 style=\"text-align: center;\"><span style=\"color: #ffffff;\">.<\/span><\/h1>\n<h1 style=\"text-align: center;\">Zach\u00f3d, dla kt\u00f3rego stracisz g\u0142ow\u0119&#8230;, a nawet kije&#8230;<\/h1>\n<p style=\"text-align: left;\"><span style=\"color: #ffffff;\">.<\/span><\/p>\n<p style=\"text-align: left;\">Jak tylko ogarn\u0119li\u015bmy si\u0119 biwakowo i najedli\u015bmy makaronem z ry\u017cem &#8211; wystartowali\u015bmy &#8222;na zach\u00f3d&#8221;. Dotarli\u015bmy na tyle wcze\u015bnie, \u017ceby rozejrze\u0107 si\u0119 za odpowiednim &#8222;spotem&#8221;, bo przy takich widokach g\u0142owa szaleje. Cz\u0142owiek patrzy to na prawo, to na lewo i kombinuje jak ko\u0144 pod g\u00f3r\u0119, \u0142api\u0105c w pierwszych minutach kadry, jakby wszystko mia\u0142o za moment znikn\u0105\u0107. Plecak i reszta rzucone byle gdzie, byle mie\u0107 wolne r\u0119ce (do robienia zdj\u0119\u0107 rzecz jasna). Po\u0142\u0105czenie wyj\u0105tkowo nieidealne &#8211; zm\u0119czenie, roztrzepanie, zajaranie ska\u0142ami, kt\u00f3re wyrastaj\u0105 &#8222;znik\u0105d&#8221; z pe\u0142nym skupieniem na spu\u015bcie migawki. Do tego nerw na siebie, \u017ce filtr potrzebny zosta\u0142 w innym plecaku i takie tam. Fina\u0142 fina\u0142\u00f3w &#8211; &#8222;ultrapotrzebne&#8221; i &#8222;ultranietanie&#8221; kije zosta\u0142y tam, gdzie by\u0142y oparte po przybyciu na miejsce&#8230; O jaki\u015b wi\u0119kszy kamie\u0144.<\/p>\n<p style=\"text-align: left;\">Nie trzeba chyba dodawa\u0107, \u017ce poranne poszukiwania sko\u0144czy\u0142y si\u0119 \u0142zami w oczach i perspektyw\u0105 d\u017awigania przez kolejne dni plecaka, bez mo\u017cliwo\u015bci odci\u0105\u017cenia staw\u00f3w w sensowny spos\u00f3b&#8230;<\/p>\n<p style=\"text-align: left;\">Oczywista oczywisto\u015b\u0107: zostawiajcie kije tam gdzie plecak.<\/p>\n<p style=\"text-align: left;\"><span style=\"color: #ffffff;\">.<\/span><\/p>\n<figure id=\"attachment_5574\" aria-describedby=\"caption-attachment-5574\" style=\"width: 3500px\" class=\"wp-caption aligncenter\"><img loading=\"lazy\" decoding=\"async\" class=\"wp-image-5574 size-full\" style=\"max-width: 100%; width: 100%;\" src=\"https:\/\/milima.pl\/wp-content\/uploads\/2019\/03\/DSC_0373.jpg\" alt=\"laguna torre patagonia\" width=\"3500\" height=\"2336\" srcset=\"https:\/\/milima.pl\/wp-content\/uploads\/2019\/03\/DSC_0373.jpg 3500w, https:\/\/milima.pl\/wp-content\/uploads\/2019\/03\/DSC_0373-300x200.jpg 300w, https:\/\/milima.pl\/wp-content\/uploads\/2019\/03\/DSC_0373-768x513.jpg 768w, https:\/\/milima.pl\/wp-content\/uploads\/2019\/03\/DSC_0373-1024x683.jpg 1024w, https:\/\/milima.pl\/wp-content\/uploads\/2019\/03\/DSC_0373-1170x781.jpg 1170w, https:\/\/milima.pl\/wp-content\/uploads\/2019\/03\/DSC_0373-585x390.jpg 585w\" sizes=\"auto, (max-width: 3500px) 100vw, 3500px\" \/><figcaption id=\"caption-attachment-5574\" class=\"wp-caption-text\">Dla prze\u0142amania dramatyzmu sytuacji &#8211; Cerro Torre, otulony lodowcem ;).<\/figcaption><\/figure>\n<p><span style=\"color: #ffffff;\">.<\/span><\/p>\n<p>Przy \u015bwietle zachodz\u0105cego s\u0142o\u0144ca brak kij\u00f3w nie by\u0142 jeszcze stwierdzony. Cieszyli\u015bmy si\u0119 wi\u0119c chwil\u0105 i podziwiali\u015bmy lodow\u0105 bi\u017cuteri\u0119, unosz\u0105c\u0105 si\u0119 na tafli jeziora&#8230;<\/p>\n<p><span style=\"color: #ffffff;\">.<\/span><\/p>\n<p><img loading=\"lazy\" decoding=\"async\" class=\"aligncenter size-full wp-image-5573\" src=\"https:\/\/milima.pl\/wp-content\/uploads\/2019\/03\/DSC_0389.jpg\" alt=\"laguna torre patagonia\" width=\"1024\" height=\"684\" srcset=\"https:\/\/milima.pl\/wp-content\/uploads\/2019\/03\/DSC_0389.jpg 1024w, https:\/\/milima.pl\/wp-content\/uploads\/2019\/03\/DSC_0389-300x200.jpg 300w, https:\/\/milima.pl\/wp-content\/uploads\/2019\/03\/DSC_0389-768x513.jpg 768w, https:\/\/milima.pl\/wp-content\/uploads\/2019\/03\/DSC_0389-585x391.jpg 585w\" sizes=\"auto, (max-width: 1024px) 100vw, 1024px\" \/><img loading=\"lazy\" decoding=\"async\" class=\"aligncenter size-full wp-image-5571\" src=\"https:\/\/milima.pl\/wp-content\/uploads\/2019\/03\/DSC_2437-HDR-2.jpg\" alt=\"laguna torre patagonia\" width=\"1024\" height=\"681\" srcset=\"https:\/\/milima.pl\/wp-content\/uploads\/2019\/03\/DSC_2437-HDR-2.jpg 1024w, https:\/\/milima.pl\/wp-content\/uploads\/2019\/03\/DSC_2437-HDR-2-300x200.jpg 300w, https:\/\/milima.pl\/wp-content\/uploads\/2019\/03\/DSC_2437-HDR-2-768x511.jpg 768w, https:\/\/milima.pl\/wp-content\/uploads\/2019\/03\/DSC_2437-HDR-2-585x389.jpg 585w\" sizes=\"auto, (max-width: 1024px) 100vw, 1024px\" \/><img loading=\"lazy\" decoding=\"async\" class=\"aligncenter size-full wp-image-5605\" src=\"https:\/\/milima.pl\/wp-content\/uploads\/2019\/03\/DSC_0384.jpg\" alt=\"\" width=\"1024\" height=\"701\" srcset=\"https:\/\/milima.pl\/wp-content\/uploads\/2019\/03\/DSC_0384.jpg 1024w, https:\/\/milima.pl\/wp-content\/uploads\/2019\/03\/DSC_0384-300x205.jpg 300w, https:\/\/milima.pl\/wp-content\/uploads\/2019\/03\/DSC_0384-768x526.jpg 768w, https:\/\/milima.pl\/wp-content\/uploads\/2019\/03\/DSC_0384-585x400.jpg 585w\" sizes=\"auto, (max-width: 1024px) 100vw, 1024px\" \/><\/p>\n<p><span style=\"color: #ffffff;\">.<\/span><\/p>\n<p>Kolory na niebie, ska\u0142ach i wodzie zmienia\u0142y si\u0119 dynamicznie, a\u017c s\u0142o\u0144ce &#8222;odda\u0142o pa\u0142eczk\u0119&#8221; ksi\u0119\u017cycowi i nasta\u0142a noc. W styczniu s\u0142o\u0144ce zachodzi tu bardzo p\u00f3\u017ano (oko\u0142o 22), wi\u0119c czasu\u00a0na poruszanie si\u0119 w ci\u0105gu dnia jest mn\u00f3stwo. Z drugiej jednak strony \u0142owcy \u015bwit\u00f3w maj\u0105 du\u017co bardziej przer\u0105bane, bo s\u0142o\u0144ce wstaj\u0105ce w okolicy godziny sz\u00f3stej, nie pozwala d\u0142u\u017cej pospa\u0107. Gdyby\u015bmy zostali d\u0142u\u017cej w tym miejscu, jeden ze wschod\u00f3w zapewne by\u015bmy po\u015bwi\u0119cili, wyczekuj\u0105c gwiazd. Tym razem musieli\u015bmy odpu\u015bci\u0107 i zadowoli\u0107 si\u0119 ksi\u0119\u017cycem, kt\u00f3ry o\u015bwietla\u0142 troch\u0119 powrotn\u0105 do campingu.<\/p>\n<p><span style=\"color: #ffffff;\">.<\/span><br \/>\n<img loading=\"lazy\" decoding=\"async\" class=\"aligncenter size-full wp-image-5572\" src=\"https:\/\/milima.pl\/wp-content\/uploads\/2019\/03\/DSC_2473-HDR.jpg\" alt=\"laguna torre patagonia\" width=\"1024\" height=\"681\" srcset=\"https:\/\/milima.pl\/wp-content\/uploads\/2019\/03\/DSC_2473-HDR.jpg 1024w, https:\/\/milima.pl\/wp-content\/uploads\/2019\/03\/DSC_2473-HDR-300x200.jpg 300w, https:\/\/milima.pl\/wp-content\/uploads\/2019\/03\/DSC_2473-HDR-768x511.jpg 768w, https:\/\/milima.pl\/wp-content\/uploads\/2019\/03\/DSC_2473-HDR-585x389.jpg 585w\" sizes=\"auto, (max-width: 1024px) 100vw, 1024px\" \/><\/p>\n<div style=\"width: 100vw; margin-left: calc(-1 * 50vw + 50%); padding: 20px 0px;\"><img loading=\"lazy\" decoding=\"async\" class=\"aligncenter size-full wp-image-5575\" style=\"max-width: 100%; width: 100%;\" src=\"https:\/\/milima.pl\/wp-content\/uploads\/2019\/03\/DSC_2500-Pano.jpg\" alt=\"laguna torre patagonia\" width=\"3000\" height=\"2000\" srcset=\"https:\/\/milima.pl\/wp-content\/uploads\/2019\/03\/DSC_2500-Pano.jpg 3000w, https:\/\/milima.pl\/wp-content\/uploads\/2019\/03\/DSC_2500-Pano-300x200.jpg 300w, https:\/\/milima.pl\/wp-content\/uploads\/2019\/03\/DSC_2500-Pano-768x512.jpg 768w, https:\/\/milima.pl\/wp-content\/uploads\/2019\/03\/DSC_2500-Pano-1024x683.jpg 1024w, https:\/\/milima.pl\/wp-content\/uploads\/2019\/03\/DSC_2500-Pano-1170x780.jpg 1170w, https:\/\/milima.pl\/wp-content\/uploads\/2019\/03\/DSC_2500-Pano-585x390.jpg 585w\" sizes=\"auto, (max-width: 3000px) 100vw, 3000px\" \/><\/div>\n<p><img loading=\"lazy\" decoding=\"async\" class=\"aligncenter size-full wp-image-5581\" src=\"https:\/\/milima.pl\/wp-content\/uploads\/2019\/03\/DSC_0396.jpg\" alt=\"laguna torre sunrise\" width=\"1024\" height=\"657\" srcset=\"https:\/\/milima.pl\/wp-content\/uploads\/2019\/03\/DSC_0396.jpg 1024w, https:\/\/milima.pl\/wp-content\/uploads\/2019\/03\/DSC_0396-300x192.jpg 300w, https:\/\/milima.pl\/wp-content\/uploads\/2019\/03\/DSC_0396-768x493.jpg 768w, https:\/\/milima.pl\/wp-content\/uploads\/2019\/03\/DSC_0396-585x375.jpg 585w\" sizes=\"auto, (max-width: 1024px) 100vw, 1024px\" \/><\/p>\n<p>&nbsp;<\/p>\n<h2 style=\"text-align: center;\">Dzie\u0144 dobry na dzie\u0144 dobry<\/h2>\n<p><span style=\"color: #ffffff;\">.<\/span><br \/>\nKu naszemu zdziwieniu &#8211; sporo os\u00f3b wygramoli\u0142o si\u0119 z namiot\u00f3w, \u017ceby wyj\u015b\u0107 na wsch\u00f3d s\u0142o\u0144ca. Przeja\u015bnia\u0142o si\u0119 dosy\u0107 niemrawo, a poszukiwania kijk\u00f3w odwr\u00f3ci\u0142y troch\u0119 uwagi od tego, co dzia\u0142o si\u0119 za szczytami. W pewnym momencie Cerro Torre i okoliczne szczyty powoli ociepli\u0142o mocno pomara\u0144czowe \u015bwiat\u0142o. Pocz\u0105tek dnia jak na zam\u00f3wienie, gdyby nie jeden szczeg\u00f3\u0142. Kolory wok\u00f3\u0142 nabiera\u0142y intensywno\u015bci, a ja, lekko pod\u0142amana, wr\u00f3ci\u0142am do namiotu&#8230;<br \/>\nZasn\u0119\u0142am w u\u0142amku sekundy.\u00a0We \u015bnie trafi\u0142am do dziwnego schroniska, lekka pod\u0142amana &#8211; bo bez kijk\u00f3w. W\u0142a\u015bcicielka miejsca zasugerowa\u0142a, \u017ceby sprawdzi\u0107 w holu &#8211; bo le\u017cy tam mn\u00f3stwo przyniesionych przez turyst\u00f3w. By\u0107 mo\u017ce jedne z nich nale\u017c\u0105 do mnie. Ogromn\u0105 rado\u015b\u0107, na widok tych, wygl\u0105daj\u0105cych znajomo, przerwa\u0142a pobudka, kiedy to ch\u0142opaki wr\u00f3cili do bazy.\u00a0\u00a0Pokr\u0119cili si\u0119 jeszcze chwil\u0119 w okolicy, nie trac\u0105c cennego \u015bwiat\u0142a.<br \/>\nZ do\u0142kiem, ale przy zrywie ostatnich nadziei &#8211; wyruszyli\u015bmy popyta\u0107 ludzi, czy kto\u015b przypadkiem nie wzi\u0105\u0142 poprzedniego dnia dw\u00f3ch porzuconych kijaszk\u00f3w.<br \/>\nA tu niespodzianka! Oparta o kibelek para, &#8222;\u015bwieci&#8221; z oddali! Szybki bieg szcz\u0119\u015bcia w stron\u0119 latryny (ch\u0119tni mog\u0105 wyobrazi\u0107 to sobie w slow motion) i wy\u015bciskanie szcz\u0119\u015bliwie odnalezionych :).<br \/>\nDzie\u0144 uratowany!<\/p>\n<p><span style=\"color: #ffffff;\">.<\/span><\/p>\n<div style=\"width: 100vw; margin-left: calc(-1 * 50vw + 50%); padding: 20px 0px;\"><img loading=\"lazy\" decoding=\"async\" class=\"aligncenter size-full wp-image-5607\" style=\"max-width: 100%; width: 100%;\" src=\"https:\/\/milima.pl\/wp-content\/uploads\/2019\/03\/laguna-torre-sunrise.jpg\" alt=\"\" width=\"3000\" height=\"1996\" srcset=\"https:\/\/milima.pl\/wp-content\/uploads\/2019\/03\/laguna-torre-sunrise.jpg 3000w, https:\/\/milima.pl\/wp-content\/uploads\/2019\/03\/laguna-torre-sunrise-300x200.jpg 300w, https:\/\/milima.pl\/wp-content\/uploads\/2019\/03\/laguna-torre-sunrise-768x511.jpg 768w, https:\/\/milima.pl\/wp-content\/uploads\/2019\/03\/laguna-torre-sunrise-1024x681.jpg 1024w, https:\/\/milima.pl\/wp-content\/uploads\/2019\/03\/laguna-torre-sunrise-1170x778.jpg 1170w, https:\/\/milima.pl\/wp-content\/uploads\/2019\/03\/laguna-torre-sunrise-585x389.jpg 585w\" sizes=\"auto, (max-width: 3000px) 100vw, 3000px\" \/><\/div>\n<p><img loading=\"lazy\" decoding=\"async\" class=\"aligncenter size-full wp-image-5579\" src=\"https:\/\/milima.pl\/wp-content\/uploads\/2019\/03\/DSC_2637-HDR.jpg\" alt=\"laguna torre sunrise\" width=\"1024\" height=\"681\" srcset=\"https:\/\/milima.pl\/wp-content\/uploads\/2019\/03\/DSC_2637-HDR.jpg 1024w, https:\/\/milima.pl\/wp-content\/uploads\/2019\/03\/DSC_2637-HDR-300x200.jpg 300w, https:\/\/milima.pl\/wp-content\/uploads\/2019\/03\/DSC_2637-HDR-768x511.jpg 768w, https:\/\/milima.pl\/wp-content\/uploads\/2019\/03\/DSC_2637-HDR-585x389.jpg 585w\" sizes=\"auto, (max-width: 1024px) 100vw, 1024px\" \/> <span style=\"color: #ffffff;\">.<\/span><\/p>\n<p>Bez wielkich strat, z widokami w g\u0142owie i na kartach ruszamy dalej.<\/p>\n<p><span style=\"color: #ffffff;\"> .<\/span><\/p>\n<h1 style=\"text-align: center;\">Co zabra\u0107 \u017ceby prze\u017cy\u0107 i zobaczy\u0107?<\/h1>\n<p><span style=\"color: #ffffff;\">.<\/span><\/p>\n<p><img loading=\"lazy\" decoding=\"async\" class=\"aligncenter size-full wp-image-5583\" src=\"https:\/\/milima.pl\/wp-content\/uploads\/2019\/03\/DSC_0371.jpg\" alt=\"laguna torre\" width=\"534\" height=\"800\" srcset=\"https:\/\/milima.pl\/wp-content\/uploads\/2019\/03\/DSC_0371.jpg 534w, https:\/\/milima.pl\/wp-content\/uploads\/2019\/03\/DSC_0371-200x300.jpg 200w\" sizes=\"auto, (max-width: 534px) 100vw, 534px\" \/><\/p>\n<p><span style=\"color: #ffffff;\">.<\/span><\/p>\n<p>Pierwsze wydaje si\u0119 by\u0107 istotniejsze, zatem&#8230; je\u015bli nadal macie w planie zach\u00f3d i wsch\u00f3d nad Lagun\u0105 Torre, potrzebujecie:<br \/>\n&#8211; namiot (polecamy lekki, trekkingowy MSR Hubba Hubba NX);<br \/>\n&#8211; jedzenie (na tyle dni, na ile przewidujecie wyj\u015bcie &#8211; po drodze nie nie ma \u017cadnych schronisk ani sklep\u00f3w; my mieli\u015bmy liofilizaty, makaron, ry\u017c i sosy w torebkach, do tego du\u017co baton\u00f3w proteinowych, banany, czekolady);<\/p>\n<p>&#8211; palnik i ma\u0142\u0105 butl\u0119 gazow\u0105 (do kupienia w jednym ze sklep\u00f3w outdoorowych w El Chalten);<br \/>\n&#8211; latark\u0119 czo\u0142\u00f3wk\u0119;<br \/>\n&#8211; wod\u0119 (na pocz\u0105tku pili\u015bmy butelkowan\u0105, ale p\u00f3\u017aniej t\u0105 ze strumieni; 1,5 km od Camping Base de Agostini, w strumieniu przy drewnianym mostku, nabierzcie wi\u0119cej wody &#8211; \u017ceby wystarczy\u0142o jej do gotowania na czas biwakoania i powrotu; opcjonalnie: filtr do wody);<br \/>\n&#8211; ciep\u0142e ubrania (mimo, \u017ce w ci\u0105gu dnia mo\u017cesz pociska\u0107 w szortach &#8211; wieczorem bankowo wskoczysz w puch\u00f3wk\u0119!; polecamy zabra\u0107 szybkoschn\u0105ce spodnie, kurtk\u0119 puchow\u0105, kurtk\u0119 przeciwdeszczow\u0105 oddychaj\u0105c\u0105, polar, czapk\u0119 i r\u0119kawiczki &#8211; niezale\u017cnie od pory roku).<br \/>\nPrzed wyruszeniem w tras\u0119 &#8211; sprawd\u017acie prognozy pogody. Przy du\u017cym deszczu, wietrze, z b\u0142otem pod nogami te\u017c jest tu \u0142adnie, ale o bajecznych wschodach i zachodach s\u0142o\u0144ca mo\u017cna zapomnie\u0107 ;).<\/p>\n<p><span style=\"color: #ffffff;\">.<\/span><\/p>\n<p><img loading=\"lazy\" decoding=\"async\" class=\"aligncenter size-full wp-image-5582\" src=\"https:\/\/milima.pl\/wp-content\/uploads\/2019\/03\/DSC_0245.jpg\" alt=\"laguna torre\" width=\"534\" height=\"800\" srcset=\"https:\/\/milima.pl\/wp-content\/uploads\/2019\/03\/DSC_0245.jpg 534w, https:\/\/milima.pl\/wp-content\/uploads\/2019\/03\/DSC_0245-200x300.jpg 200w\" sizes=\"auto, (max-width: 534px) 100vw, 534px\" \/><\/p>\n<p><span style=\"color: #ffffff;\">.<\/span><\/p>\n<p>Spe\u0142niania patago\u0144skich marze\u0144 i udanych fotograficznych \u0142ow\u00f3w \u017cyczy piekielna ekipa ;).<\/p>\n<p><span style=\"color: #ffffff;\">.<\/span><\/p>\n","protected":false},"excerpt":{"rendered":"<p>Patagonia &#8211; widoki sprawiaj\u0105ce, \u017ce oczy \u015bwiec\u0105 si\u0119 jak pijane, kolana dr\u017c\u0105, a w brzuchu rewolucje jak na trzeciej randce. Niby nie tylko tam strzeliste szczyty wyrastaj\u0105 od st\u00f3p a\u017c pod samo niebo.\u00a0 Ob\u0142\u0119dnie&hellip;<\/p>\n","protected":false},"author":1,"featured_media":5553,"comment_status":"open","ping_status":"open","sticky":false,"template":"","format":"standard","meta":{"footnotes":""},"categories":[445,343],"tags":[451,462,446,302,461,373,73,241,460,459,244,378,349],"class_list":["post-5551","post","type-post","status-publish","format-standard","has-post-thumbnail","hentry","category-ameryka-poludniowa","category-gory","tag-ameryka-poludniowa","tag-andy","tag-argentyna","tag-ciekawe-miejsca","tag-el-chalten","tag-fotografia-krajobrazowa","tag-gory","tag-krajobraz","tag-laguna-torre","tag-patagonia","tag-trekking","tag-wschod-slonca","tag-zachod-slonca"],"_links":{"self":[{"href":"https:\/\/milima.pl\/blog\/wp-json\/wp\/v2\/posts\/5551","targetHints":{"allow":["GET"]}}],"collection":[{"href":"https:\/\/milima.pl\/blog\/wp-json\/wp\/v2\/posts"}],"about":[{"href":"https:\/\/milima.pl\/blog\/wp-json\/wp\/v2\/types\/post"}],"author":[{"embeddable":true,"href":"https:\/\/milima.pl\/blog\/wp-json\/wp\/v2\/users\/1"}],"replies":[{"embeddable":true,"href":"https:\/\/milima.pl\/blog\/wp-json\/wp\/v2\/comments?post=5551"}],"version-history":[{"count":30,"href":"https:\/\/milima.pl\/blog\/wp-json\/wp\/v2\/posts\/5551\/revisions"}],"predecessor-version":[{"id":5614,"href":"https:\/\/milima.pl\/blog\/wp-json\/wp\/v2\/posts\/5551\/revisions\/5614"}],"wp:featuredmedia":[{"embeddable":true,"href":"https:\/\/milima.pl\/blog\/wp-json\/wp\/v2\/media\/5553"}],"wp:attachment":[{"href":"https:\/\/milima.pl\/blog\/wp-json\/wp\/v2\/media?parent=5551"}],"wp:term":[{"taxonomy":"category","embeddable":true,"href":"https:\/\/milima.pl\/blog\/wp-json\/wp\/v2\/categories?post=5551"},{"taxonomy":"post_tag","embeddable":true,"href":"https:\/\/milima.pl\/blog\/wp-json\/wp\/v2\/tags?post=5551"}],"curies":[{"name":"wp","href":"https:\/\/api.w.org\/{rel}","templated":true}]}}